{"id":133,"date":"2023-06-28T22:38:00","date_gmt":"2023-06-28T20:38:00","guid":{"rendered":"https:\/\/maguen-avraham.org\/?p=133"},"modified":"2023-06-29T23:24:56","modified_gmt":"2023-06-29T21:24:56","slug":"chabbat-houkat-balak-5783","status":"publish","type":"post","link":"https:\/\/maguen-avraham.org\/index.php\/2023\/06\/28\/chabbat-houkat-balak-5783\/","title":{"rendered":"Chabbat &lsquo;Houkat Balak"},"content":{"rendered":"\n<h4 class=\"wp-block-heading has-text-align-center\" id=\"block-c7cd4b66-aaf3-4e76-9e23-733eb5360b6f\">Paracha &lsquo;Houkat Balak \/ \u05e4\u05e8\u05e9\u05d4 \u05d7\u05e7\u05ea \u05d1\u05dc\u05e7 <br>30 juin\/1er juillet 2023 &#8211; 12 Tamouz 5783 \/ \u05d9&rsquo;\u05d1 \u05ea\u05de\u05d5\u05d6 \u05ea\u05e9\u05e4&rsquo;\u05d2<br><em>D\u00e9but vendredi soir \u00e0 21h39 &#8211; Fin samedi soir \u00e0 23h03<\/em><\/h4>\n\n\n\n<!--more-->\n\n\n<div class=\"wp-block-image\">\n<figure class=\"aligncenter size-full\" id=\"block-cb4318d8-e067-4e6a-ba77-a8fb22420a53\"><img loading=\"lazy\" decoding=\"async\" width=\"800\" height=\"379\" src=\"https:\/\/maguen-avraham.org\/wp-content\/uploads\/2023\/06\/CCJB-92-Synagogue-Maguen-Avraham-Teva2-800.jpg\" alt=\"\" class=\"wp-image-135\" srcset=\"https:\/\/maguen-avraham.org\/wp-content\/uploads\/2023\/06\/CCJB-92-Synagogue-Maguen-Avraham-Teva2-800.jpg 800w, https:\/\/maguen-avraham.org\/wp-content\/uploads\/2023\/06\/CCJB-92-Synagogue-Maguen-Avraham-Teva2-800-300x142.jpg 300w, https:\/\/maguen-avraham.org\/wp-content\/uploads\/2023\/06\/CCJB-92-Synagogue-Maguen-Avraham-Teva2-800-768x364.jpg 768w\" sizes=\"auto, (max-width: 800px) 100vw, 800px\" \/><\/figure>\n<\/div>\n\n\n<h3 class=\"wp-block-heading\" id=\"block-34c13aec-7230-4d64-afbb-b84a9f3dd476\"><span style=\"text-decoration: underline;\">Les horaires de Chabbat :<\/span><\/h3>\n\n\n\n<p id=\"block-e85b2846-f181-4911-af3f-0961c6b43ac4\"><em><strong>Vendredi soir :<\/strong><\/em><br><strong>18h45<\/strong> : Cours par le <strong>Rav Mika\u00ebl MOUYAL<\/strong> sur le Chomer Emounim<br><strong>19h15<\/strong> : Chir HaChirim<br><strong>19h30<\/strong> : Min&rsquo;ha<br><strong>19h50<\/strong> : Kabalat Chabbat et Arvit<br><strong>20h20<\/strong> : Allumage des bougies et entr\u00e9e de Chabbat<br>Dvar Torah par le <strong>Rav Mika\u00ebl MOUYAL<\/strong><\/p>\n\n\n\n<p id=\"block-1ed17b97-554f-420b-a815-274c0d4878d4\"><strong><em>Samedi matin :<\/em><\/strong><br><strong>09h00<\/strong> : Cha\u2019harit<br>Dvar Torah par <strong>Jean Charles ZERBIB<\/strong><br> (<em><strong>Fin du Ch\u00e9ma : premi\u00e8re heure 8h31, deuxi\u00e8me heure 9h52<\/strong><\/em>)<br><strong>10h30<\/strong> : Offices des enfants<br>L\u2019office sera suivi d\u2019un kiddouch offert par la <strong>famille ZOUARI<\/strong>, \u00e0 l&rsquo;occasion de la Bar Mitzvah de <strong>Yaniv<\/strong><\/p>\n\n\n\n<p id=\"block-dc9d12fc-b3c5-4224-948d-d68592d107f9\"><em><strong>Samedi apr\u00e8s-midi :<\/strong><\/em><br><strong>18h30<\/strong> : Cours mixte par <strong>Jean Charles ZERBIB<\/strong> : \u00ab <em>Paracha Balak : Terre promise ou donn\u00e9e, acteur ou spectateur ?<\/em> \u00bb<br><strong>19h00<\/strong> : Cours de Gu\u00e9mara pour hommes par le <strong>Rav Mika\u00ebl MOUYAL<\/strong><br><strong>19h30<\/strong> : Cours mixte par le <strong>Rav Mika\u00ebl MOUYAL<\/strong><\/p>\n\n\n\n<p id=\"block-dc9d12fc-b3c5-4224-948d-d68592d107f9\"><strong>21h00<\/strong> : Lecture collective des T\u00e9hilim \u2013 Alpha\/Beta<br><strong>21h15<\/strong> : Min\u2019ha, suivi de la s\u00e9ouda ch\u00e9lichit. <br>Dvar Torah par le <strong>Rav Mika\u00ebl MOUYAL<\/strong><br><strong>21h57<\/strong> : Shquiya \/ \u05e9\u05e7\u05e2\u05ea \u05d4\u05d7\u05de\u05d4<\/p>\n\n\n\n<p id=\"block-333eef1f-6d20-4a53-a2e6-57d24b1e03da\"><strong><em>Samedi soir :<\/em><\/strong><br><strong>22h53<\/strong> : Arvit<br><strong>23h03<\/strong> : Fin de Chabbat, Havdala<\/p>\n\n\n\n<p><strong>Chabbat Chalom !<\/strong><\/p>\n\n\n\n<hr class=\"wp-block-separator has-css-opacity is-style-wide\"\/>\n\n\n\n<h3 class=\"wp-block-heading\" id=\"block-34c13aec-7230-4d64-afbb-b84a9f3dd476\"><span style=\"text-decoration: underline;\">Les horaires de la semaine :<\/span><\/h3>\n\n\n\n<h4 class=\"wp-block-heading\">dimanche :<\/h4>\n\n\n\n<p><strong>07h15<\/strong> : Cours sur le <strong>M\u00e9ssilat Y\u00e9charim<\/strong> par le <strong>Rav Mikael MOUYAL<\/strong><br><strong>08h00<\/strong> : Cha&rsquo;harit <br><strong>19h50<\/strong> : Min&rsquo;ha, suivi de Arvit<\/p>\n\n\n\n<h4 class=\"wp-block-heading\">du lundi au vendredi :<\/h4>\n\n\n\n<p><strong>07h00<\/strong> : Cha&rsquo;harit<br><strong>19h50<\/strong> : Min&rsquo;ha suivi de Arvit (sauf vendredi)<\/p>\n\n\n\n<hr class=\"wp-block-separator has-css-opacity is-style-wide\"\/>\n\n\n\n<h3 class=\"wp-block-heading\" id=\"block-f62ce074-21cd-4ef8-95fc-86f99ff83a8d\"><span style=\"text-decoration: underline;\">Les horaires de la semaine :<\/span><\/h3>\n\n\n\n<p>\u00e0 la Synagogue, 43 rue des abondances<\/p>\n\n\n\n<p id=\"block-b75df9a1-ef8c-4a4e-81f8-167cf34bb1c2\"><strong><em>Dimanche et jours f\u00e9ri\u00e9s :<\/em><\/strong><br><strong>08h00<\/strong> : Cha\u2019harit<br><strong>20h00<\/strong> : Min&rsquo;ha suivi de Arvit<\/p>\n\n\n\n<p><strong><em>du Lundi au Vendredi :<\/em><\/strong><br><strong>07h00<\/strong> : Cha\u2019harit (<strong>06h55<\/strong> lundi et jeudi)<br><strong>07h45<\/strong> : 2\u00e8me office dans l&rsquo;<strong>Espace Elie Botbol<\/strong><br><strong>08h30<\/strong> : 3\u00e8me office dans l&rsquo;<strong>Espace Alfred Zemmour&nbsp;<\/strong><br><strong>20h00<\/strong> : Min&rsquo;ha suivi de Arvit (sauf vendredi soir)<\/p>\n\n\n\n<hr class=\"wp-block-separator has-css-opacity is-style-wide\"\/>\n\n\n\n<h3 class=\"wp-block-heading\" id=\"block-f62ce074-21cd-4ef8-95fc-86f99ff83a8d\"><span style=\"text-decoration: underline;\"><strong>Birkat haL\u00e9vana<\/strong> :<\/span><\/h3>\n\n\n\n<p>La Birkat ha-L\u00e9vana (pri\u00e8re pour le renouvellement de la lune) pourra \u00eatre r\u00e9cit\u00e9e entre le dimanche 26 juin 2023 au soir et le dimanche 2 juillet 2023 au soir, lorsque la lune est visible.<\/p>\n\n\n\n<hr class=\"wp-block-separator has-css-opacity is-style-wide\"\/>\n\n\n\n<h3 class=\"wp-block-heading\" id=\"block-f62ce074-21cd-4ef8-95fc-86f99ff83a8d\"><span style=\"text-decoration: underline;\"><strong>Je\u00fbne du 17 Tamouz :<\/strong><\/span><\/h3>\n\n\n\n<p>Le je\u00fbne du 17 Tamouz tombe cette ann\u00e9e le jeudi 6 juillet 2023. Il commencera \u00e0 3h17 et se terminera \u00e0 22h48.<\/p>\n\n\n\n<p>07h00 : Cha&rsquo;harit <br>19h45 : Min&rsquo;ha suivi de Arvit<\/p>\n\n\n\n<hr class=\"wp-block-separator has-css-opacity is-style-wide\"\/>\n\n\n\n<h3 class=\"wp-block-heading\" id=\"block-f62ce074-21cd-4ef8-95fc-86f99ff83a8d\"><span style=\"text-decoration: underline;\">Carnet de familles :<\/span><\/h3>\n\n\n\n<p><strong>Bar Mitzvah<\/strong><\/p>\n\n\n\n<p><strong>\u05de\u05d6\u05dc \u05d8\u05d5\u05d1<\/strong><\/p>\n\n\n\n<p>Ce Chabbat, <strong>Yaniv ZOUARI<\/strong> participera \u00e0 la T\u00e9fila et \u00e0 la lecture de la Paracha pour c\u00e9l\u00e9brer sa Bar Mitzvah. Nous adressons un grand Mazal Tov \u00e0 ses parents, ainsi qu&rsquo;\u00e0 \u00e0 toute sa famille.<\/p>\n\n\n\n<hr class=\"wp-block-separator has-css-opacity is-style-wide\"\/>\n\n\n\n<h3 class=\"wp-block-heading\" id=\"block-f62ce074-21cd-4ef8-95fc-86f99ff83a8d\"><span style=\"text-decoration: underline;\">Offices des enfants, \u00e0 partir de 10h30 :<\/span><\/h3>\n\n\n<div class=\"wp-block-image\">\n<figure class=\"aligncenter size-large is-resized\"><img loading=\"lazy\" decoding=\"async\" src=\"https:\/\/acjbb-sud.org\/wp-content\/uploads\/2023\/01\/IMG-20230105-WA0076-779x1024.jpg\" alt=\"\" class=\"wp-image-6174\" width=\"584\" height=\"768\"\/><\/figure>\n<\/div>\n\n\n<p>Accompagnez vos enfants \u00e0 l&rsquo;<strong>Office des enfants<\/strong>, afin de leur donner go\u00fbt pour venir \u00e0 la Synagogue et apprendre les pri\u00e8res, apprendre ou nous raconter la Paracha, mais \u00e9galement pour les divertir de la meilleur mani\u00e8re qui soit.<\/p>\n\n\n\n<hr class=\"wp-block-separator has-css-opacity is-style-wide\"\/>\n\n\n\n<h3 class=\"wp-block-heading\" id=\"block-f62ce074-21cd-4ef8-95fc-86f99ff83a8d\"><span style=\"text-decoration: underline;\">Conf\u00e9rence du Rav Yonathan Benchetrit : \u00ab Pourquoi la Torah est compos\u00e9e de lois rationnelles et irrationnelles ? \u00bb, le replay :<\/span><\/h3>\n\n\n<div class=\"wp-block-image\">\n<figure class=\"aligncenter size-large\"><img loading=\"lazy\" decoding=\"async\" width=\"724\" height=\"1024\" src=\"https:\/\/maguen-avraham.org\/wp-content\/uploads\/2023\/06\/CCJB-92-Centre-Culturel-juif-Boulogne-conference-Rav-Yonathan-Benchetrit-juin-2023-v3-724x1024.png\" alt=\"\" class=\"wp-image-128\" srcset=\"https:\/\/maguen-avraham.org\/wp-content\/uploads\/2023\/06\/CCJB-92-Centre-Culturel-juif-Boulogne-conference-Rav-Yonathan-Benchetrit-juin-2023-v3-724x1024.png 724w, https:\/\/maguen-avraham.org\/wp-content\/uploads\/2023\/06\/CCJB-92-Centre-Culturel-juif-Boulogne-conference-Rav-Yonathan-Benchetrit-juin-2023-v3-212x300.png 212w, https:\/\/maguen-avraham.org\/wp-content\/uploads\/2023\/06\/CCJB-92-Centre-Culturel-juif-Boulogne-conference-Rav-Yonathan-Benchetrit-juin-2023-v3-768x1086.png 768w, https:\/\/maguen-avraham.org\/wp-content\/uploads\/2023\/06\/CCJB-92-Centre-Culturel-juif-Boulogne-conference-Rav-Yonathan-Benchetrit-juin-2023-v3-1086x1536.png 1086w, https:\/\/maguen-avraham.org\/wp-content\/uploads\/2023\/06\/CCJB-92-Centre-Culturel-juif-Boulogne-conference-Rav-Yonathan-Benchetrit-juin-2023-v3.png 1414w\" sizes=\"auto, (max-width: 724px) 100vw, 724px\" \/><\/figure>\n<\/div>\n\n\n<figure class=\"wp-block-embed is-type-video is-provider-youtube wp-block-embed-youtube wp-embed-aspect-16-9 wp-has-aspect-ratio\"><div class=\"wp-block-embed__wrapper\">\n<iframe loading=\"lazy\" title=\"Rav Yonathan Benchetrit : Pourquoi la Torah est compos\u00e9e de lois rationnelles et irrationnelles ?\" width=\"750\" height=\"422\" src=\"https:\/\/www.youtube.com\/embed\/JDl-vuJPjCU?feature=oembed\" frameborder=\"0\" allow=\"accelerometer; autoplay; clipboard-write; encrypted-media; gyroscope; picture-in-picture; web-share\" allowfullscreen><\/iframe>\n<\/div><\/figure>\n\n\n\n<hr class=\"wp-block-separator has-css-opacity is-style-wide\"\/>\n\n\n\n<h3 class=\"wp-block-heading\" id=\"block-f62ce074-21cd-4ef8-95fc-86f99ff83a8d\"><span style=\"text-decoration: underline;\">Op\u00e9ration nouveaux livres pour la Synagogue du Centre Culturel juif de Boulogne :<\/span><\/h3>\n\n\n\n<p>Si vous souhaitez offrir des nouveaux livres pour la Synagogue du Centre Culturel juif de Boulogne, vous pourrez ainsi les d\u00e9dicacer pour la R\u00e9foua Ch\u00e9l\u00e9ma ou pour rappeler la m\u00e9moire d&rsquo;un proche.<\/p>\n\n\n\n<div class=\"wp-block-buttons is-layout-flex wp-block-buttons-is-layout-flex\">\n<div class=\"wp-block-button aligncenter\"><a class=\"wp-block-button__link wp-element-button\" href=\"https:\/\/www.helloasso.com\/associations\/acjbb-2\/evenements\/achat-de-livres-boulogne-sud\" target=\"_blank\" rel=\"noreferrer noopener\">j&rsquo;offre des nouveaux livres<\/a><\/div>\n<\/div>\n\n\n\n<hr class=\"wp-block-separator has-css-opacity is-style-wide\"\/>\n\n\n\n<h3 class=\"wp-block-heading\" id=\"block-f62ce074-21cd-4ef8-95fc-86f99ff83a8d\"><span style=\"text-decoration: underline;\">Nouveau \u00e0 Boulogne &#8211; Y\u00e9chiva d&rsquo;\u00e9t\u00e9 du 10 au 28 juillet 2023 pour les 13-18 ans :<\/span><\/h3>\n\n\n<div class=\"wp-block-image\">\n<figure class=\"aligncenter size-large\"><img loading=\"lazy\" decoding=\"async\" width=\"1024\" height=\"1024\" src=\"https:\/\/maguen-avraham.org\/wp-content\/uploads\/2023\/06\/ACJBB-CCJB-92-Boulogne-Yechiva-ete-2023-5783-1024x1024.jpg\" alt=\"\" class=\"wp-image-116\" srcset=\"https:\/\/maguen-avraham.org\/wp-content\/uploads\/2023\/06\/ACJBB-CCJB-92-Boulogne-Yechiva-ete-2023-5783-1024x1024.jpg 1024w, https:\/\/maguen-avraham.org\/wp-content\/uploads\/2023\/06\/ACJBB-CCJB-92-Boulogne-Yechiva-ete-2023-5783-300x300.jpg 300w, https:\/\/maguen-avraham.org\/wp-content\/uploads\/2023\/06\/ACJBB-CCJB-92-Boulogne-Yechiva-ete-2023-5783-150x150.jpg 150w, https:\/\/maguen-avraham.org\/wp-content\/uploads\/2023\/06\/ACJBB-CCJB-92-Boulogne-Yechiva-ete-2023-5783-768x768.jpg 768w, https:\/\/maguen-avraham.org\/wp-content\/uploads\/2023\/06\/ACJBB-CCJB-92-Boulogne-Yechiva-ete-2023-5783-1536x1536.jpg 1536w, https:\/\/maguen-avraham.org\/wp-content\/uploads\/2023\/06\/ACJBB-CCJB-92-Boulogne-Yechiva-ete-2023-5783.jpg 1600w\" sizes=\"auto, (max-width: 1024px) 100vw, 1024px\" \/><\/figure>\n<\/div>\n\n\n<p><strong>Nouveau \u00e0 Boulogne &#8211; Yechiva d&rsquo;\u00e9t\u00e9<\/strong><\/p>\n\n\n\n<p>Du 10 au 28 juillet 2023, de 9h00 \u00e0 12h30<br>Pour les jeunes de 13 ans \u00e0 18 ans,<br>A la Synagogue de Boulogne, 43 rue des abondances<\/p>\n\n\n\n<p>Avec le Rabbin Mika\u00ebl Mouyal<\/p>\n\n\n\n<p>Programme :<br>09h00 : Petit d\u00e9jeuner<br>09h30 : Cours de paracha avec moussar<br>10h00 : Gu\u00e9mara<br>11h30 : Halakha<br>12h00 : Repas<\/p>\n\n\n\n<p>Soyez nombreux !!!<\/p>\n\n\n\n<p>C&rsquo;est l&rsquo;occasion de joindre les vacances avec renforcement spirituel.<\/p>\n\n\n\n<p>Pour rendre le plaisir des vacances encore plus complet !<\/p>\n\n\n\n<p>Informations et inscriptions :<br>Rabbin Didier Kassabi 0622822047<br>Rabbin Mika\u00ebl Mouyal 0698159852<\/p>\n\n\n\n<hr class=\"wp-block-separator has-css-opacity is-style-wide\"\/>\n\n\n\n<h3 class=\"wp-block-heading\" id=\"block-f62ce074-21cd-4ef8-95fc-86f99ff83a8d\"><span style=\"text-decoration: underline;\">CCIBB &#8211; Centr\u00e9 de loisirs du 10 au 28 juillet 2023 pour les 6-13 ans :<\/span><\/h3>\n\n\n<div class=\"wp-block-image\">\n<figure class=\"aligncenter size-large is-resized\"><img loading=\"lazy\" decoding=\"async\" src=\"https:\/\/acjbb-sud.org\/wp-content\/uploads\/2023\/05\/CCIBB-centre-de-loisirs-2023-720x1024.jpg\" alt=\"\" class=\"wp-image-6530\" width=\"540\" height=\"768\"\/><\/figure>\n<\/div>\n\n\n<p>Le CCIBB est heureux de vous proposer du <strong>10 au 28 juillet<\/strong> prochain un centre de loisirs accueillant les enfants de 6 \u00e0 13 ans sous la Direction de Jonathan Cahen et une fantastique \u00e9quipe d\u2019animateurs avec un programme tr\u00e8s vari\u00e9 ax\u00e9 sur des sorties ludiques et culturelles (Parc Ast\u00e9rix, Parc St Paul, Mus\u00e9e&nbsp; Gr\u00e9vin, France Miniature, Ch\u00e2teau de Versailles), des ateliers th\u00e9matiques \u00e0 dominante sportive et musicale (hip hop, klezmer, maccabiades, accrobranches, une journ\u00e9e au cirque, <em>sport and success<\/em> \u2026) des journ\u00e9es festives (journ\u00e9e isra\u00e9lienne) dans une ambiance juive exceptionnelle !<\/p>\n\n\n\n<p>Plus d&rsquo;infos sur <a href=\"https:\/\/ccibb.net\/2023\/05\/centre-loisirs-ete-2023-informations-inscriptions\/\" target=\"_blank\" rel=\"noreferrer noopener\">ccibb.net<\/a> !<\/p>\n\n\n\n<hr class=\"wp-block-separator has-css-opacity is-style-wide\"\/>\n\n\n\n<h3 class=\"wp-block-heading\" id=\"block-f62ce074-21cd-4ef8-95fc-86f99ff83a8d\"><span style=\"text-decoration: underline;\">Beth Hamidrach de Boulogne :<\/span><\/h3>\n\n\n\n<p>Vous pouvez \u00e9tudier tous les jours de semaine \u00e0 la Synagogue de Boulogne, 43 rue de abondances<\/p>\n\n\n<div class=\"wp-block-image\">\n<figure class=\"aligncenter size-large\"><img loading=\"lazy\" decoding=\"async\" width=\"1024\" height=\"576\" src=\"https:\/\/maguen-avraham.org\/wp-content\/uploads\/2023\/06\/planning-2-8-juillet-v2-1024x576.jpg\" alt=\"\" class=\"wp-image-145\" srcset=\"https:\/\/maguen-avraham.org\/wp-content\/uploads\/2023\/06\/planning-2-8-juillet-v2-1024x576.jpg 1024w, https:\/\/maguen-avraham.org\/wp-content\/uploads\/2023\/06\/planning-2-8-juillet-v2-300x169.jpg 300w, https:\/\/maguen-avraham.org\/wp-content\/uploads\/2023\/06\/planning-2-8-juillet-v2-768x432.jpg 768w, https:\/\/maguen-avraham.org\/wp-content\/uploads\/2023\/06\/planning-2-8-juillet-v2.jpg 1280w\" sizes=\"auto, (max-width: 1024px) 100vw, 1024px\" \/><\/figure>\n<\/div>\n\n\n<hr class=\"wp-block-separator has-css-opacity is-style-wide\"\/>\n\n\n\n<h3 class=\"wp-block-heading\" id=\"beth-hamidrach\"><span style=\"text-decoration: underline;\">Beth Hamidrach :<\/span><\/h3>\n\n\n\n<p>Le <strong>Rabbin Didier Kassabi<\/strong> donne un cours de Gu\u00e9mara chaque <strong>lundi soir \u00e0 20h45<\/strong> \u00e0 la Synagogue de Boulogne Billancourt, 43 rue des abondances. <\/p>\n\n\n\n<p><strong>reprise \u00e0 la rentr\u00e9e !<\/strong><\/p>\n\n\n<div class=\"wp-block-image\">\n<figure class=\"aligncenter size-large is-resized\"><img loading=\"lazy\" decoding=\"async\" src=\"https:\/\/acjbb-sud.org\/wp-content\/uploads\/2018\/12\/Rav-Didier-Kassabi-ACJBB-Boulogne-Sud-1024x656.jpg\" alt=\"\" class=\"wp-image-2318\" width=\"768\" height=\"492\"\/><\/figure>\n<\/div>\n\n\n<p>Retrouvez tous les cours du Rabbin Kassabi <a href=\"https:\/\/acjbb-sud.org\/index.php\/cours-du-rabbin-kassabi\/\" target=\"_blank\" rel=\"noreferrer noopener\">sur cette page<\/a> !!<\/p>\n\n\n\n<hr class=\"wp-block-separator has-css-opacity is-style-wide\"\/>\n\n\n\n<h3 class=\"wp-block-heading\" id=\"block-b7954baa-ee9c-4dfe-b91d-fa235f442567\"><span style=\"text-decoration: underline;\">Cours pour femmes :<\/span><\/h3>\n\n\n\n<p><strong>Mme Ya\u00ebl Kassabi<\/strong>&nbsp;donne un cours pour femmes <strong>1 mardi sur 2, &nbsp;de 21h00 \u00e0 22h00<\/strong>.<\/p>\n\n\n\n<p>A la Synagogue de Boulogne, espace Alfred Zemmour<\/p>\n\n\n\n<p><strong>reprise \u00e0 la rentr\u00e9e !<\/strong><\/p>\n\n\n\n<hr class=\"wp-block-separator has-css-opacity is-style-wide\"\/>\n\n\n\n<h3 class=\"wp-block-heading\" id=\"block-b7954baa-ee9c-4dfe-b91d-fa235f442567\"><span style=\"text-decoration: underline;\">Le mardi des \u00e9tudiants :<\/span><\/h3>\n\n\n\n<p>\u00e0 la Synagogue de Boulogne<\/p>\n\n\n\n<p><strong>reprise \u00e0 la rentr\u00e9e !<\/strong><\/p>\n\n\n<div class=\"wp-block-image\">\n<figure class=\"aligncenter size-large is-resized\"><img loading=\"lazy\" decoding=\"async\" src=\"https:\/\/acjbb-sud.org\/wp-content\/uploads\/2022\/11\/ACJBB-Synagogue-Boulogne-Billancourt-cours-mardi-etudiants-Rabbin-Didier-Kassabi-719x1024.jpg\" alt=\"\" class=\"wp-image-6072\" width=\"539\" height=\"768\"\/><\/figure>\n<\/div>\n\n\n<hr class=\"wp-block-separator has-css-opacity is-style-wide\"\/>\n\n\n\n<h3 class=\"wp-block-heading\" id=\"block-b7954baa-ee9c-4dfe-b91d-fa235f442567\"><span style=\"text-decoration: underline;\">Informations Synagogue Maguen Avraham :<\/span><\/h3>\n\n\n\n<p id=\"block-fd719631-1c41-4d52-a7ec-2c7882d4ae94\">Retrouvez toutes les informations de l\u2019office sur : <a href=\"https:\/\/maguen-avraham.org\/\" target=\"_blank\" rel=\"noreferrer noopener\">www.maguen-avraham.org<\/a>.<br>Si vous souhaitez recevoir par mail la newsletter de l\u2019office, inscrivez-vous en nous envoyant un mail \u00e0 <a href=\"mailto:newsletter@maguen-avraham.org\" target=\"_blank\" rel=\"noreferrer noopener\">newsletter@maguen-avraham.org<\/a>.<br>Retrouvez \u00e9galement toutes les informations sur la page Facebook de l\u2019office : <a href=\"http:\/\/facebook.com\/SynaMaguenAvaham\" target=\"_blank\" rel=\"noreferrer noopener\">facebook.com\/SynaMaguenAvaham<\/a> et sur Twitter : <a href=\"https:\/\/twitter.com\/maguenavraham\" target=\"_blank\" rel=\"noreferrer noopener\">twitter.com\/maguenavraham<\/a>.<\/p>\n\n\n\n<hr class=\"wp-block-separator has-css-opacity is-style-wide\"\/>\n\n\n\n<h3 class=\"wp-block-heading\" id=\"block-b7954baa-ee9c-4dfe-b91d-fa235f442567\"><span style=\"text-decoration: underline;\">R\u00e9servation des espaces communautaires :<\/span><\/h3>\n\n\n\n<p>Vous souhaitez organiser une manifestation (Brith-Mila, Bar-Mitsvah et Bat-Mitsvah, Mariage, Azkara, Soir\u00e9e Mikv\u00e9 Kala, etc&#8230; ) dans les espaces du <strong>Centre Culturel juif de Boulogne<\/strong>, 17 rue Danjou, Boulogne Billancourt, contactez M. Patrick Sebban 06.03.02.30.78 &#8211; <a href=\"mailto:patrick.sebban2@paris.fr\">patrick.sebban2@paris.fr<\/a>.<\/p>\n\n\n\n<p>Vous souhaitez organiser une manifestation (Brith-Mila, Bar-Mitsvah et Bat-Mitsvah, Mariage, Azkara, Soir\u00e9e Mikv\u00e9 Kala, etc\u2026 ) dans les espaces de la&nbsp;<strong>Synagogue de Boulogne<\/strong>, 43 rue des Abondances ?<br>Contactez M. Alain&nbsp;Chicheportiche&nbsp;06.95.62.58.41 \u2013&nbsp;<a href=\"mailto:alainchicheportiche92@gmail.com\" target=\"_blank\" rel=\"noreferrer noopener\">alainchicheportiche92@gmail.com<\/a><\/p>\n\n\n\n<hr class=\"wp-block-separator has-css-opacity is-style-wide\"\/>\n\n\n\n<h3 class=\"wp-block-heading\" id=\"block-7c3c700f-d447-4376-9427-cdbc9c2f74c9\"><span style=\"text-decoration: underline;\">Mikv\u00e9 :<\/span><\/h3>\n\n\n\n<p id=\"block-50d7cf7e-ff00-4da1-8c9c-2de23e61527c\">Plus d&rsquo;informations sur le site de la <a rel=\"noreferrer noopener\" href=\"https:\/\/synaboulogne.com\/2020\/03\/24\/coronavirus-fermeture-des-mikves-a-boulogne\/\" target=\"_blank\">Synagogue de Boulogne<\/a>.<\/p>\n\n\n\n<hr class=\"wp-block-separator has-css-opacity is-style-wide\"\/>\n\n\n\n<h3 class=\"wp-block-heading\" id=\"block-7c3c700f-d447-4376-9427-cdbc9c2f74c9\"><span style=\"text-decoration: underline;\">Mikv\u00e9 K\u00e9lim :<\/span><\/h3>\n\n\n\n<p>Le mikv\u00e9 k\u00e9lim est ouvert tous les matins apr\u00e8s l&rsquo;office.<\/p>\n\n\n\n<hr class=\"wp-block-separator has-css-opacity is-style-wide\"\/>\n\n\n\n<h3 class=\"wp-block-heading\" id=\"block-4c97c8cf-af4b-4959-a746-b4aad012dd9b\"><span style=\"text-decoration: underline;\">Faire un don :<\/span><\/h3>\n\n\n\n<p id=\"block-1b207a12-4bcd-4010-9047-f59f10862ab5\">Pour faire vivre et participer activement \u00e0 cet office, <a href=\"http:\/\/www.acjbb-sud.org\/index.php\/faire-un-don\/\" target=\"_blank\" rel=\"noreferrer noopener\">faites un don<\/a> par internet ou envoyez vos ch\u00e8ques \u00e0 l&rsquo;ordre de \u00ab\u00a0<em>ACJBB Sud<\/em>\u00ab\u00a0,  au <strong>17 rue Barth\u00e9l\u00e9my Danjou<\/strong>. Toutes les participations sont bienvenues, <em>les petits ruisseaux faisant de grandes rivi\u00e8res<\/em>, nous parviendrons, tous ensemble, \u00e0 faire vivre l\u2019Office de Boulogne Sud.<br><br>Tizkou L\u00e9-Mitsvot !!!<\/p>\n\n\n\n<hr class=\"wp-block-separator has-css-opacity is-style-wide\"\/>\n\n\n\n<h3 class=\"wp-block-heading\" id=\"block-4c97c8cf-af4b-4959-a746-b4aad012dd9b\"><span style=\"text-decoration: underline;\">Cotisation annuelle :<\/span><\/h3>\n\n\n\n<p><strong>N&rsquo;oubliez pas de vous inscrire au Consistoire<\/strong> (60\u20ac minimum par personnes) afin de pouvoir \u00eatre \u00e9lecteur et \u00e9ligible pour les \u00e9lections \u00e0 venir.<\/p>\n\n\n\n<p>Vous pouvez r\u00e9gler votre cotisation annuelle sur le <a href=\"https:\/\/synaboulogne.us12.list-manage.com\/track\/click?u=f13343cbc4710ddbadcdef23f&amp;id=2ccca5826b&amp;e=744d346afc\" target=\"_blank\" rel=\"noreferrer noopener\">site du Consistoire<\/a>.<\/p>\n\n\n\n<hr class=\"wp-block-separator has-css-opacity is-style-wide\"\/>\n\n\n\n<h3 class=\"wp-block-heading\" id=\"block-1fca9ce7-0c19-4d83-bb99-511a3a95b416\"><span style=\"text-decoration: underline;\">Dons pour le Centre Culturel de Boulogne Billancourt :<\/span><\/h3>\n\n\n\n<p id=\"block-1a224de9-3276-4fc8-ba3f-fd19c0e1f5a3\">Le nouveau <a href=\"https:\/\/ccj-boulogne.com\" target=\"_blank\" rel=\"noreferrer noopener\">Centre Culturel juif de Boulogne<\/a> se situe \u00e0 l\u2019angle des rues Marcel Dassault et Danjou.<\/p>\n\n\n\n<p id=\"block-41d933ca-9886-487d-a642-c8ca33b4d8ee\">Il comprendra notamment :<\/p>\n\n\n\n<ul class=\"wp-block-list\" id=\"block-bc74a488-8718-4d73-ae4a-3c4664830925\">\n<li>Une Synagogue<\/li>\n\n\n\n<li>Le Centre Communautaire (CCIBB)<\/li>\n\n\n\n<li>Une salle polyvalente<\/li>\n\n\n\n<li>Une salle des f\u00eates<\/li>\n<\/ul>\n\n\n\n<p id=\"block-223f5a99-e9bd-4b84-a6c3-0ddbe1853b13\">Vous avez une occasion unique d\u2019inscrire votre nom, celui de vos familles, celui de vos disparus, dans un projet qui marquera l\u2019avenir de la vie juive \u00e0 Boulogne-Billancourt.<\/p>\n\n\n<div class=\"wp-block-image\">\n<figure class=\"aligncenter size-full\"><img decoding=\"async\" src=\"https:\/\/acjbb-sud.org\/wp-content\/uploads\/2022\/01\/ACJBB-CCJ92-Centre-Culturel-Juif-Boulogne-vue-cour-800-logos.png\" alt=\"\" class=\"wp-image-5164\"\/><\/figure>\n<\/div>\n\n\n<p id=\"block-2472cef2-f3a1-44e3-bed8-19df0101f2b3\">Devenez acteur du devenir de la vie juive \u00e0 Boulogne en faisant un don pour la construction du Centre Culturel de Boulogne. Vous pouvez d\u00e9cider de diriger votre don vers la synagogue ACJBB ou vers le CCIBB, en nous l\u2019indiquant par message.<\/p>\n\n\n\n<p><strong>Il reste encore 3 \u00e9tages \u00e0 am\u00e9nager !!<\/strong><\/p>\n\n\n\n<p id=\"block-56cd1106-7046-4874-8498-c929557e25c1\">Si vous avez des question, <a href=\"mailto:synamail@acjbb.com?subject=&quot;Question sur la construction du Centre culturel&quot;\">envoyez-nous un message<\/a> !<\/p>\n\n\n\n<p id=\"block-46b01a20-1fad-4156-a639-d2d621f5698d\"><a rel=\"noreferrer noopener\" href=\"https:\/\/www.helloasso.com\/associations\/acjbb-2\/collectes\/construction-du-centre-juif-de-boulogne\" target=\"_blank\">Je participe \u00e0 la collecte pour la construction<\/a>.<\/p>\n\n\n\n<hr class=\"wp-block-separator has-css-opacity is-style-wide\"\/>\n\n\n\n<h3 class=\"wp-block-heading\" id=\"block-1fca9ce7-0c19-4d83-bb99-511a3a95b416\"><span style=\"text-decoration: underline;\">Talmud Torah de Boulogne :<\/span><\/h3>\n\n\n\n<p>Le talmud Torah de Boulogne innove pour attirer TOUS les enfants.<br>Renseignez-vous aupr\u00e8s du <strong>Rabbin Didier Kassabi<\/strong> ou du <strong>Hazan David Marciano<\/strong>.<\/p>\n\n\n\n<h3 class=\"wp-block-heading\" id=\"tous-les-dimanches-a-10h00\">Les cours ont lieu tous les dimanche \u00e0 partir de 10h00<\/h3>\n\n\n<div class=\"wp-block-image\">\n<figure class=\"aligncenter size-full is-resized\"><img loading=\"lazy\" decoding=\"async\" src=\"https:\/\/acjbb-sud.org\/wp-content\/uploads\/2022\/09\/ACJBB-Synagogue-Boulogne-Talmud-Torah-5782.jpg\" alt=\"\" class=\"wp-image-5745\" width=\"557\" height=\"768\"\/><\/figure>\n<\/div>\n\n\n<hr class=\"wp-block-separator has-css-opacity is-style-wide\"\/>\n\n\n\n<h3 class=\"wp-block-heading\" id=\"block-1fca9ce7-0c19-4d83-bb99-511a3a95b416\"><span style=\"text-decoration: underline;\">CCIBB &#8211; Activit\u00e9s 2022-2023 : Informations et inscriptions :<\/span><\/h3>\n\n\n<div class=\"wp-block-image\">\n<figure class=\"aligncenter size-large is-resized\"><img loading=\"lazy\" decoding=\"async\" src=\"https:\/\/acjbb-sud.org\/wp-content\/uploads\/2022\/09\/ccibbactivites2022-2023bb-723x1024.jpg\" alt=\"\" class=\"wp-image-5762\" width=\"542\" height=\"768\"\/><\/figure>\n<\/div>\n\n\n<p>plus d&rsquo;informations : <a href=\"https:\/\/ccibb.net\/2021\/08\/activites-2021-2022-informations-inscriptions-reprise\/\" target=\"_blank\" rel=\"noreferrer noopener\">ccibb.net<\/a><\/p>\n\n\n\n<hr class=\"wp-block-separator has-css-opacity is-style-wide\"\/>\n\n\n\n<h3 class=\"wp-block-heading\" id=\"block-1fca9ce7-0c19-4d83-bb99-511a3a95b416\"><span style=\"text-decoration: underline;\">Oulpan avec le CCIBB et l&rsquo;OMS :<\/span><\/h3>\n\n\n<div class=\"wp-block-image is-style-default\">\n<figure class=\"aligncenter size-large is-resized\"><img loading=\"lazy\" decoding=\"async\" src=\"https:\/\/acjbb-sud.org\/wp-content\/uploads\/2020\/10\/CCIBB-Affiche-reunion-inscription-oulpan-OSM-2020-2021-734x1024.jpeg\" alt=\"\" class=\"wp-image-3878\" width=\"551\" height=\"768\"\/><\/figure>\n<\/div>\n\n\n<hr class=\"wp-block-separator has-css-opacity is-style-wide\"\/>\n\n\n\n<h3 class=\"wp-block-heading\" id=\"block-0a78bf73-6f7d-4326-9f07-299e153ed995\"><span style=\"text-decoration: underline;\">Dvar Torah :<\/span><\/h3>\n\n\n\n<p id=\"block-a6d72ecc-452b-4ff0-b897-259c06dce164\"><em><strong>du Rav Mika\u00ebl Mouyal<\/strong><\/em> :<\/p>\n\n\n\n<p>T\u00e9l\u00e9chargez le Dvar Torah directement en PDF afin de l\u2019imprimer et le lire plus facilement :<br>Sidra &lsquo;Houkat Balak.<br>Les Bijoux de &lsquo;Houkat Balak.<\/p>\n\n\n\n<p id=\"block-a6d72ecc-452b-4ff0-b897-259c06dce164\">Retrouvez tous les commentaires et sidrots sur la Paracha par le Rav Mika\u00ebl Mouyal sur <a href=\"https:\/\/acjbb-sud.org\/index.php\/dvar-torah-sidra-rav-mouyal\/\" target=\"_blank\" rel=\"noreferrer noopener\">cette page<\/a>.<\/p>\n\n\n\n<p>Retrouvez les Divr\u00e9 Torah en vid\u00e9os sur notre <a href=\"https:\/\/www.youtube.com\/channel\/UC20u-GBY1CIXXcjbM96fPxw\" target=\"_blank\" rel=\"noreferrer noopener\">chaine YouTube<\/a>.<\/p>\n\n\n\n<p id=\"block-b6109842-1a53-4f02-9d74-dab7a535c9df\"><em><strong>du Rabbin Didier Kassabi :<\/strong><\/em><\/p>\n\n\n\n<p>T\u00e9l\u00e9chargez le Dvar Torah directement en PDF afin de l\u2019imprimer et le lire plus facilement :<br><a href=\"https:\/\/synaboulogne.com\/wp-content\/uploads\/2023\/06\/ACJBB-Boulogne-Dvar-Torah-Rabbin-Didier-Kassabi-Houkat-Balak-5783.pdf\" target=\"_blank\" rel=\"noreferrer noopener\">Dvar Torah &lsquo;Houkat Balak<\/a>.<\/p>\n\n\n\n<p id=\"block-a68290c3-5f19-4d18-839f-11ee7629c218\">Retrouvez tous les Divrei Torah sur la Paracha par le Rabbin Didier Kassabi sur <a href=\"https:\/\/synaboulogne.com\/dvar-torah-du-rabbin-didier-kassabi\/\" target=\"_blank\" rel=\"noreferrer noopener\">cette page.<\/a><\/p>\n\n\n\n<p>Retrouvez les Divr\u00e9 Torah en vid\u00e9os sur la <a href=\"https:\/\/www.youtube.com\/synagoguedeboulogne\" target=\"_blank\" rel=\"noreferrer noopener\">chaine YouTube de la Synagogue de Boulogne<\/a>.<\/p>\n","protected":false},"excerpt":{"rendered":"<p>Paracha &lsquo;Houkat Balak \/ \u05e4\u05e8\u05e9\u05d4 \u05d7\u05e7\u05ea \u05d1\u05dc\u05e7 30 juin\/1er juillet 2023 &#8211; 12 Tamouz 5783 \/ \u05d9&rsquo;\u05d1 \u05ea\u05de\u05d5\u05d6 \u05ea\u05e9\u05e4&rsquo;\u05d2D\u00e9but vendredi soir \u00e0 21h39 &#8211; Fin samedi soir \u00e0 23h03<\/p>\n","protected":false},"author":1,"featured_media":134,"comment_status":"open","ping_status":"open","sticky":false,"template":"","format":"standard","meta":{"om_disable_all_campaigns":false,"_monsterinsights_skip_tracking":false,"_monsterinsights_sitenote_active":false,"_monsterinsights_sitenote_note":"","_monsterinsights_sitenote_category":0,"_uf_show_specific_survey":0,"_uf_disable_surveys":false,"_jetpack_memberships_contains_paid_content":false,"footnotes":""},"categories":[3],"tags":[],"class_list":["post-133","post","type-post","status-publish","format-standard","has-post-thumbnail","hentry","category-chabbat"],"aioseo_notices":[],"yoast_head":"<!-- This site is optimized with the Yoast SEO plugin v26.6 - https:\/\/yoast.com\/wordpress\/plugins\/seo\/ -->\n<title>Chabbat &#039;Houkat Balak - Synagogue Maguen Avraham<\/title>\n<meta name=\"robots\" content=\"index, follow, max-snippet:-1, max-image-preview:large, max-video-preview:-1\" \/>\n<link rel=\"canonical\" href=\"https:\/\/maguen-avraham.org\/index.php\/2023\/06\/28\/chabbat-houkat-balak-5783\/\" \/>\n<meta property=\"og:locale\" content=\"fr_FR\" \/>\n<meta property=\"og:type\" content=\"article\" \/>\n<meta property=\"og:title\" content=\"Chabbat &#039;Houkat Balak - Synagogue Maguen Avraham\" \/>\n<meta property=\"og:description\" content=\"Paracha &lsquo;Houkat Balak \/ \u05e4\u05e8\u05e9\u05d4 \u05d7\u05e7\u05ea \u05d1\u05dc\u05e7 30 juin\/1er juillet 2023 &#8211; 12 Tamouz 5783 \/ \u05d9&rsquo;\u05d1 \u05ea\u05de\u05d5\u05d6 \u05ea\u05e9\u05e4&rsquo;\u05d2D\u00e9but vendredi soir \u00e0 21h39 &#8211; Fin samedi soir \u00e0 23h03\" \/>\n<meta property=\"og:url\" content=\"https:\/\/maguen-avraham.org\/index.php\/2023\/06\/28\/chabbat-houkat-balak-5783\/\" \/>\n<meta property=\"og:site_name\" content=\"Synagogue Maguen Avraham\" \/>\n<meta property=\"article:publisher\" content=\"https:\/\/www.facebook.com\/SynaMaguenAvaham\/\" \/>\n<meta property=\"article:author\" content=\"https:\/\/www.facebook.com\/SynaMaguenAvaham\" \/>\n<meta property=\"article:published_time\" content=\"2023-06-28T20:38:00+00:00\" \/>\n<meta property=\"article:modified_time\" content=\"2023-06-29T21:24:56+00:00\" \/>\n<meta property=\"og:image\" content=\"https:\/\/maguen-avraham.org\/wp-content\/uploads\/2023\/06\/CCJB-92-Synagogue-Maguen-Avraham-Teva2-600.jpg\" \/>\n\t<meta property=\"og:image:width\" content=\"600\" \/>\n\t<meta property=\"og:image:height\" content=\"284\" \/>\n\t<meta property=\"og:image:type\" content=\"image\/jpeg\" \/>\n<meta name=\"author\" content=\"Synagogue Maguen Avraham\" \/>\n<meta name=\"twitter:card\" content=\"summary_large_image\" \/>\n<meta name=\"twitter:creator\" content=\"@maguenavraham\" \/>\n<meta name=\"twitter:site\" content=\"@maguenavraham\" \/>\n<meta name=\"twitter:label1\" content=\"\u00c9crit par\" \/>\n\t<meta name=\"twitter:data1\" content=\"Synagogue Maguen Avraham\" \/>\n\t<meta name=\"twitter:label2\" content=\"Dur\u00e9e de lecture estim\u00e9e\" \/>\n\t<meta name=\"twitter:data2\" content=\"10 minutes\" \/>\n<script type=\"application\/ld+json\" class=\"yoast-schema-graph\">{\"@context\":\"https:\/\/schema.org\",\"@graph\":[{\"@type\":\"Article\",\"@id\":\"https:\/\/maguen-avraham.org\/index.php\/2023\/06\/28\/chabbat-houkat-balak-5783\/#article\",\"isPartOf\":{\"@id\":\"https:\/\/maguen-avraham.org\/index.php\/2023\/06\/28\/chabbat-houkat-balak-5783\/\"},\"author\":{\"name\":\"Synagogue Maguen Avraham\",\"@id\":\"https:\/\/maguen-avraham.org\/#\/schema\/person\/7838d4bb1890735e71cb0a17970b9f4a\"},\"headline\":\"Chabbat &lsquo;Houkat Balak\",\"datePublished\":\"2023-06-28T20:38:00+00:00\",\"dateModified\":\"2023-06-29T21:24:56+00:00\",\"mainEntityOfPage\":{\"@id\":\"https:\/\/maguen-avraham.org\/index.php\/2023\/06\/28\/chabbat-houkat-balak-5783\/\"},\"wordCount\":1412,\"commentCount\":0,\"publisher\":{\"@id\":\"https:\/\/maguen-avraham.org\/#organization\"},\"image\":{\"@id\":\"https:\/\/maguen-avraham.org\/index.php\/2023\/06\/28\/chabbat-houkat-balak-5783\/#primaryimage\"},\"thumbnailUrl\":\"https:\/\/maguen-avraham.org\/wp-content\/uploads\/2023\/06\/CCJB-92-Synagogue-Maguen-Avraham-Teva2-600.jpg\",\"articleSection\":[\"Chabbat\"],\"inLanguage\":\"fr-FR\",\"potentialAction\":[{\"@type\":\"CommentAction\",\"name\":\"Comment\",\"target\":[\"https:\/\/maguen-avraham.org\/index.php\/2023\/06\/28\/chabbat-houkat-balak-5783\/#respond\"]}]},{\"@type\":\"WebPage\",\"@id\":\"https:\/\/maguen-avraham.org\/index.php\/2023\/06\/28\/chabbat-houkat-balak-5783\/\",\"url\":\"https:\/\/maguen-avraham.org\/index.php\/2023\/06\/28\/chabbat-houkat-balak-5783\/\",\"name\":\"Chabbat 'Houkat Balak - Synagogue Maguen Avraham\",\"isPartOf\":{\"@id\":\"https:\/\/maguen-avraham.org\/#website\"},\"primaryImageOfPage\":{\"@id\":\"https:\/\/maguen-avraham.org\/index.php\/2023\/06\/28\/chabbat-houkat-balak-5783\/#primaryimage\"},\"image\":{\"@id\":\"https:\/\/maguen-avraham.org\/index.php\/2023\/06\/28\/chabbat-houkat-balak-5783\/#primaryimage\"},\"thumbnailUrl\":\"https:\/\/maguen-avraham.org\/wp-content\/uploads\/2023\/06\/CCJB-92-Synagogue-Maguen-Avraham-Teva2-600.jpg\",\"datePublished\":\"2023-06-28T20:38:00+00:00\",\"dateModified\":\"2023-06-29T21:24:56+00:00\",\"breadcrumb\":{\"@id\":\"https:\/\/maguen-avraham.org\/index.php\/2023\/06\/28\/chabbat-houkat-balak-5783\/#breadcrumb\"},\"inLanguage\":\"fr-FR\",\"potentialAction\":[{\"@type\":\"ReadAction\",\"target\":[\"https:\/\/maguen-avraham.org\/index.php\/2023\/06\/28\/chabbat-houkat-balak-5783\/\"]}]},{\"@type\":\"ImageObject\",\"inLanguage\":\"fr-FR\",\"@id\":\"https:\/\/maguen-avraham.org\/index.php\/2023\/06\/28\/chabbat-houkat-balak-5783\/#primaryimage\",\"url\":\"https:\/\/maguen-avraham.org\/wp-content\/uploads\/2023\/06\/CCJB-92-Synagogue-Maguen-Avraham-Teva2-600.jpg\",\"contentUrl\":\"https:\/\/maguen-avraham.org\/wp-content\/uploads\/2023\/06\/CCJB-92-Synagogue-Maguen-Avraham-Teva2-600.jpg\",\"width\":600,\"height\":284},{\"@type\":\"BreadcrumbList\",\"@id\":\"https:\/\/maguen-avraham.org\/index.php\/2023\/06\/28\/chabbat-houkat-balak-5783\/#breadcrumb\",\"itemListElement\":[{\"@type\":\"ListItem\",\"position\":1,\"name\":\"Accueil\",\"item\":\"https:\/\/maguen-avraham.org\/\"},{\"@type\":\"ListItem\",\"position\":2,\"name\":\"Chabbat &lsquo;Houkat Balak\"}]},{\"@type\":\"WebSite\",\"@id\":\"https:\/\/maguen-avraham.org\/#website\",\"url\":\"https:\/\/maguen-avraham.org\/\",\"name\":\"Synagogue Maguen Avraham\",\"description\":\"La Synagogue Maguen Avraham du Centre Culturel juif de Boulogne\",\"publisher\":{\"@id\":\"https:\/\/maguen-avraham.org\/#organization\"},\"potentialAction\":[{\"@type\":\"SearchAction\",\"target\":{\"@type\":\"EntryPoint\",\"urlTemplate\":\"https:\/\/maguen-avraham.org\/?s={search_term_string}\"},\"query-input\":{\"@type\":\"PropertyValueSpecification\",\"valueRequired\":true,\"valueName\":\"search_term_string\"}}],\"inLanguage\":\"fr-FR\"},{\"@type\":\"Organization\",\"@id\":\"https:\/\/maguen-avraham.org\/#organization\",\"name\":\"Synagogue Maguen Avraham\",\"url\":\"https:\/\/maguen-avraham.org\/\",\"logo\":{\"@type\":\"ImageObject\",\"inLanguage\":\"fr-FR\",\"@id\":\"https:\/\/maguen-avraham.org\/#\/schema\/logo\/image\/\",\"url\":\"https:\/\/maguen-avraham.org\/wp-content\/uploads\/2023\/06\/logo-maguen-avraham.jpg\",\"contentUrl\":\"https:\/\/maguen-avraham.org\/wp-content\/uploads\/2023\/06\/logo-maguen-avraham.jpg\",\"width\":843,\"height\":843,\"caption\":\"Synagogue Maguen Avraham\"},\"image\":{\"@id\":\"https:\/\/maguen-avraham.org\/#\/schema\/logo\/image\/\"},\"sameAs\":[\"https:\/\/www.facebook.com\/SynaMaguenAvaham\/\",\"https:\/\/x.com\/maguenavraham\"]},{\"@type\":\"Person\",\"@id\":\"https:\/\/maguen-avraham.org\/#\/schema\/person\/7838d4bb1890735e71cb0a17970b9f4a\",\"name\":\"Synagogue Maguen Avraham\",\"image\":{\"@type\":\"ImageObject\",\"inLanguage\":\"fr-FR\",\"@id\":\"https:\/\/maguen-avraham.org\/#\/schema\/person\/image\/\",\"url\":\"https:\/\/secure.gravatar.com\/avatar\/ea30fe7a8231c8c0bf30066f86006714af7be34ba414543eaab3e453b92901aa?s=96&d=mm&r=g\",\"contentUrl\":\"https:\/\/secure.gravatar.com\/avatar\/ea30fe7a8231c8c0bf30066f86006714af7be34ba414543eaab3e453b92901aa?s=96&d=mm&r=g\",\"caption\":\"Synagogue Maguen Avraham\"},\"sameAs\":[\"http:\/\/maguen-avraham.org\",\"https:\/\/www.facebook.com\/SynaMaguenAvaham\",\"https:\/\/www.instagram.com\/synagogue_maguen_avraham\/\",\"https:\/\/x.com\/maguenavraham\"],\"url\":\"https:\/\/maguen-avraham.org\/index.php\/author\/admin_ma\/\"}]}<\/script>\n<!-- \/ Yoast SEO plugin. -->","yoast_head_json":{"title":"Chabbat 'Houkat Balak - Synagogue Maguen Avraham","robots":{"index":"index","follow":"follow","max-snippet":"max-snippet:-1","max-image-preview":"max-image-preview:large","max-video-preview":"max-video-preview:-1"},"canonical":"https:\/\/maguen-avraham.org\/index.php\/2023\/06\/28\/chabbat-houkat-balak-5783\/","og_locale":"fr_FR","og_type":"article","og_title":"Chabbat 'Houkat Balak - Synagogue Maguen Avraham","og_description":"Paracha &lsquo;Houkat Balak \/ \u05e4\u05e8\u05e9\u05d4 \u05d7\u05e7\u05ea \u05d1\u05dc\u05e7 30 juin\/1er juillet 2023 &#8211; 12 Tamouz 5783 \/ \u05d9&rsquo;\u05d1 \u05ea\u05de\u05d5\u05d6 \u05ea\u05e9\u05e4&rsquo;\u05d2D\u00e9but vendredi soir \u00e0 21h39 &#8211; Fin samedi soir \u00e0 23h03","og_url":"https:\/\/maguen-avraham.org\/index.php\/2023\/06\/28\/chabbat-houkat-balak-5783\/","og_site_name":"Synagogue Maguen Avraham","article_publisher":"https:\/\/www.facebook.com\/SynaMaguenAvaham\/","article_author":"https:\/\/www.facebook.com\/SynaMaguenAvaham","article_published_time":"2023-06-28T20:38:00+00:00","article_modified_time":"2023-06-29T21:24:56+00:00","og_image":[{"width":600,"height":284,"url":"https:\/\/maguen-avraham.org\/wp-content\/uploads\/2023\/06\/CCJB-92-Synagogue-Maguen-Avraham-Teva2-600.jpg","type":"image\/jpeg"}],"author":"Synagogue Maguen Avraham","twitter_card":"summary_large_image","twitter_creator":"@maguenavraham","twitter_site":"@maguenavraham","twitter_misc":{"\u00c9crit par":"Synagogue Maguen Avraham","Dur\u00e9e de lecture estim\u00e9e":"10 minutes"},"schema":{"@context":"https:\/\/schema.org","@graph":[{"@type":"Article","@id":"https:\/\/maguen-avraham.org\/index.php\/2023\/06\/28\/chabbat-houkat-balak-5783\/#article","isPartOf":{"@id":"https:\/\/maguen-avraham.org\/index.php\/2023\/06\/28\/chabbat-houkat-balak-5783\/"},"author":{"name":"Synagogue Maguen Avraham","@id":"https:\/\/maguen-avraham.org\/#\/schema\/person\/7838d4bb1890735e71cb0a17970b9f4a"},"headline":"Chabbat &lsquo;Houkat Balak","datePublished":"2023-06-28T20:38:00+00:00","dateModified":"2023-06-29T21:24:56+00:00","mainEntityOfPage":{"@id":"https:\/\/maguen-avraham.org\/index.php\/2023\/06\/28\/chabbat-houkat-balak-5783\/"},"wordCount":1412,"commentCount":0,"publisher":{"@id":"https:\/\/maguen-avraham.org\/#organization"},"image":{"@id":"https:\/\/maguen-avraham.org\/index.php\/2023\/06\/28\/chabbat-houkat-balak-5783\/#primaryimage"},"thumbnailUrl":"https:\/\/maguen-avraham.org\/wp-content\/uploads\/2023\/06\/CCJB-92-Synagogue-Maguen-Avraham-Teva2-600.jpg","articleSection":["Chabbat"],"inLanguage":"fr-FR","potentialAction":[{"@type":"CommentAction","name":"Comment","target":["https:\/\/maguen-avraham.org\/index.php\/2023\/06\/28\/chabbat-houkat-balak-5783\/#respond"]}]},{"@type":"WebPage","@id":"https:\/\/maguen-avraham.org\/index.php\/2023\/06\/28\/chabbat-houkat-balak-5783\/","url":"https:\/\/maguen-avraham.org\/index.php\/2023\/06\/28\/chabbat-houkat-balak-5783\/","name":"Chabbat 'Houkat Balak - Synagogue Maguen Avraham","isPartOf":{"@id":"https:\/\/maguen-avraham.org\/#website"},"primaryImageOfPage":{"@id":"https:\/\/maguen-avraham.org\/index.php\/2023\/06\/28\/chabbat-houkat-balak-5783\/#primaryimage"},"image":{"@id":"https:\/\/maguen-avraham.org\/index.php\/2023\/06\/28\/chabbat-houkat-balak-5783\/#primaryimage"},"thumbnailUrl":"https:\/\/maguen-avraham.org\/wp-content\/uploads\/2023\/06\/CCJB-92-Synagogue-Maguen-Avraham-Teva2-600.jpg","datePublished":"2023-06-28T20:38:00+00:00","dateModified":"2023-06-29T21:24:56+00:00","breadcrumb":{"@id":"https:\/\/maguen-avraham.org\/index.php\/2023\/06\/28\/chabbat-houkat-balak-5783\/#breadcrumb"},"inLanguage":"fr-FR","potentialAction":[{"@type":"ReadAction","target":["https:\/\/maguen-avraham.org\/index.php\/2023\/06\/28\/chabbat-houkat-balak-5783\/"]}]},{"@type":"ImageObject","inLanguage":"fr-FR","@id":"https:\/\/maguen-avraham.org\/index.php\/2023\/06\/28\/chabbat-houkat-balak-5783\/#primaryimage","url":"https:\/\/maguen-avraham.org\/wp-content\/uploads\/2023\/06\/CCJB-92-Synagogue-Maguen-Avraham-Teva2-600.jpg","contentUrl":"https:\/\/maguen-avraham.org\/wp-content\/uploads\/2023\/06\/CCJB-92-Synagogue-Maguen-Avraham-Teva2-600.jpg","width":600,"height":284},{"@type":"BreadcrumbList","@id":"https:\/\/maguen-avraham.org\/index.php\/2023\/06\/28\/chabbat-houkat-balak-5783\/#breadcrumb","itemListElement":[{"@type":"ListItem","position":1,"name":"Accueil","item":"https:\/\/maguen-avraham.org\/"},{"@type":"ListItem","position":2,"name":"Chabbat &lsquo;Houkat Balak"}]},{"@type":"WebSite","@id":"https:\/\/maguen-avraham.org\/#website","url":"https:\/\/maguen-avraham.org\/","name":"Synagogue Maguen Avraham","description":"La Synagogue Maguen Avraham du Centre Culturel juif de Boulogne","publisher":{"@id":"https:\/\/maguen-avraham.org\/#organization"},"potentialAction":[{"@type":"SearchAction","target":{"@type":"EntryPoint","urlTemplate":"https:\/\/maguen-avraham.org\/?s={search_term_string}"},"query-input":{"@type":"PropertyValueSpecification","valueRequired":true,"valueName":"search_term_string"}}],"inLanguage":"fr-FR"},{"@type":"Organization","@id":"https:\/\/maguen-avraham.org\/#organization","name":"Synagogue Maguen Avraham","url":"https:\/\/maguen-avraham.org\/","logo":{"@type":"ImageObject","inLanguage":"fr-FR","@id":"https:\/\/maguen-avraham.org\/#\/schema\/logo\/image\/","url":"https:\/\/maguen-avraham.org\/wp-content\/uploads\/2023\/06\/logo-maguen-avraham.jpg","contentUrl":"https:\/\/maguen-avraham.org\/wp-content\/uploads\/2023\/06\/logo-maguen-avraham.jpg","width":843,"height":843,"caption":"Synagogue Maguen Avraham"},"image":{"@id":"https:\/\/maguen-avraham.org\/#\/schema\/logo\/image\/"},"sameAs":["https:\/\/www.facebook.com\/SynaMaguenAvaham\/","https:\/\/x.com\/maguenavraham"]},{"@type":"Person","@id":"https:\/\/maguen-avraham.org\/#\/schema\/person\/7838d4bb1890735e71cb0a17970b9f4a","name":"Synagogue Maguen Avraham","image":{"@type":"ImageObject","inLanguage":"fr-FR","@id":"https:\/\/maguen-avraham.org\/#\/schema\/person\/image\/","url":"https:\/\/secure.gravatar.com\/avatar\/ea30fe7a8231c8c0bf30066f86006714af7be34ba414543eaab3e453b92901aa?s=96&d=mm&r=g","contentUrl":"https:\/\/secure.gravatar.com\/avatar\/ea30fe7a8231c8c0bf30066f86006714af7be34ba414543eaab3e453b92901aa?s=96&d=mm&r=g","caption":"Synagogue Maguen Avraham"},"sameAs":["http:\/\/maguen-avraham.org","https:\/\/www.facebook.com\/SynaMaguenAvaham","https:\/\/www.instagram.com\/synagogue_maguen_avraham\/","https:\/\/x.com\/maguenavraham"],"url":"https:\/\/maguen-avraham.org\/index.php\/author\/admin_ma\/"}]}},"jetpack_featured_media_url":"https:\/\/maguen-avraham.org\/wp-content\/uploads\/2023\/06\/CCJB-92-Synagogue-Maguen-Avraham-Teva2-600.jpg","jetpack_sharing_enabled":true,"_links":{"self":[{"href":"https:\/\/maguen-avraham.org\/index.php\/wp-json\/wp\/v2\/posts\/133","targetHints":{"allow":["GET"]}}],"collection":[{"href":"https:\/\/maguen-avraham.org\/index.php\/wp-json\/wp\/v2\/posts"}],"about":[{"href":"https:\/\/maguen-avraham.org\/index.php\/wp-json\/wp\/v2\/types\/post"}],"author":[{"embeddable":true,"href":"https:\/\/maguen-avraham.org\/index.php\/wp-json\/wp\/v2\/users\/1"}],"replies":[{"embeddable":true,"href":"https:\/\/maguen-avraham.org\/index.php\/wp-json\/wp\/v2\/comments?post=133"}],"version-history":[{"count":10,"href":"https:\/\/maguen-avraham.org\/index.php\/wp-json\/wp\/v2\/posts\/133\/revisions"}],"predecessor-version":[{"id":150,"href":"https:\/\/maguen-avraham.org\/index.php\/wp-json\/wp\/v2\/posts\/133\/revisions\/150"}],"wp:featuredmedia":[{"embeddable":true,"href":"https:\/\/maguen-avraham.org\/index.php\/wp-json\/wp\/v2\/media\/134"}],"wp:attachment":[{"href":"https:\/\/maguen-avraham.org\/index.php\/wp-json\/wp\/v2\/media?parent=133"}],"wp:term":[{"taxonomy":"category","embeddable":true,"href":"https:\/\/maguen-avraham.org\/index.php\/wp-json\/wp\/v2\/categories?post=133"},{"taxonomy":"post_tag","embeddable":true,"href":"https:\/\/maguen-avraham.org\/index.php\/wp-json\/wp\/v2\/tags?post=133"}],"curies":[{"name":"wp","href":"https:\/\/api.w.org\/{rel}","templated":true}]}}