{"id":1374,"date":"2025-05-28T21:43:21","date_gmt":"2025-05-28T19:43:21","guid":{"rendered":"https:\/\/maguen-avraham.org\/?p=1374"},"modified":"2025-05-29T21:21:22","modified_gmt":"2025-05-29T19:21:22","slug":"chavouot-5785","status":"publish","type":"post","link":"https:\/\/maguen-avraham.org\/index.php\/2025\/05\/28\/chavouot-5785\/","title":{"rendered":"Chavouot 5785"},"content":{"rendered":"\n<h4 class=\"wp-block-heading has-text-align-center\" id=\"block-c7cd4b66-aaf3-4e76-9e23-733eb5360b6f\">Chavouot \/ \u05e9\u05d1\u05d5\u05e2\u05d5\u05ea<br>1\/3 juin 2025 \u2013 6\/7 Sivane 5785 \/ \u05d5\u2019\/\u05d6\u2019 \u05e1\u05d9\u05d5\u05df \u05ea\u05e9\u05e4\u2019\u05d4<br><em>D\u00e9but dimanche soir \u00e0 21h28 \u2013 Fin mardi soir \u00e0 22h52<\/em><\/h4>\n\n\n\n<figure class=\"wp-block-image size-full\"><img loading=\"lazy\" decoding=\"async\" width=\"800\" height=\"379\" src=\"https:\/\/maguen-avraham.org\/wp-content\/uploads\/2023\/09\/CCJB-Synagogue-Maguen-Avraham-Heikhal-fleurs-800.jpg\" alt=\"\" class=\"wp-image-258\" srcset=\"https:\/\/maguen-avraham.org\/wp-content\/uploads\/2023\/09\/CCJB-Synagogue-Maguen-Avraham-Heikhal-fleurs-800.jpg 800w, https:\/\/maguen-avraham.org\/wp-content\/uploads\/2023\/09\/CCJB-Synagogue-Maguen-Avraham-Heikhal-fleurs-800-300x142.jpg 300w, https:\/\/maguen-avraham.org\/wp-content\/uploads\/2023\/09\/CCJB-Synagogue-Maguen-Avraham-Heikhal-fleurs-800-768x364.jpg 768w\" sizes=\"auto, (max-width: 800px) 100vw, 800px\" \/><\/figure>\n\n\n\n<h3 class=\"wp-block-heading\" id=\"block-34c13aec-7230-4d64-afbb-b84a9f3dd476\"><span style=\"text-decoration: underline;\">Les horaires :<\/span><\/h3>\n\n\n\n<h3 class=\"wp-block-heading has-text-align-center\"><strong><em>Veille de Chavouot<\/em><\/strong><\/h3>\n\n\n\n<p id=\"block-e85b2846-f181-4911-af3f-0961c6b43ac4\"><em><strong>dimanche 1 juin \u2013 soir :<\/strong><\/em><br><strong>19h45<\/strong> : Min\u2019ha<br><strong>20h00<\/strong> : Arvit. Dvar Torah du <strong>Rabbin Daniel KNAFO<\/strong><br><strong>20h15<\/strong> : Allumage des bougies et entr\u00e9e de la f\u00eate<br>Allumer une bougie de 24\/48H pour pouvoir allumer les bougies du 2\u00e8me soir de Chavouot.<\/p>\n\n\n\n<h3 class=\"wp-block-heading has-text-align-center\"><strong><em>Veill\u00e9e de Chavouot<\/em><\/strong><\/h3>\n\n\n\n<p id=\"block-333eef1f-6d20-4a53-a2e6-57d24b1e03da\"><strong><em>dimanche 1 juin \/ lundi 2 juin :<\/em><\/strong><br><strong>de 23h30 \u00e0 04h30<\/strong> : Veill\u00e9e de Chavouot, <strong>Venez tr\u00e8s nombreux !!!<\/strong><\/p>\n\n\n\n<h3 class=\"wp-block-heading has-text-align-center\"><strong><em>1er jour de Chavouot<\/em><\/strong><\/h3>\n\n\n\n<p><em><strong>lundi 2 juin \u2013 matin :<\/strong><\/em><br><strong>04h30<\/strong> : Cha\u2019harit (1er office)<br><strong>05h51<\/strong> : Nets \/ \u05e0\u05e5 \u05d4\u05d7\u05de\u05d4<\/p>\n\n\n\n<p><strong>09h00<\/strong> : Cha\u2019harit (2\u00e8me office). Dvar Torah par le <strong>Rabbin Daniel KNAFO<\/strong>.<br><strong>10h30<\/strong> : <strong><em>Lecture des Dix Paroles<\/em><\/strong><br>L\u2019office sera suivi d\u2019un magnifique Kiddouch laitage offert .<\/p>\n\n\n\n<p><strong>lundi apr\u00e8s-midi :<\/strong><br><strong>18h15<\/strong> : Cours par <strong>le Rabbin Daniel KNAFO<\/strong>.<br><strong>19h15<\/strong> : Lecture du livre de Ruth et des Azharoth<br><strong>19h45<\/strong> : Min\u2019ha suivi de Arvit du 2\u00e8me jour de f\u00eate <br><strong>21h47<\/strong> : Shquiya \/ \u05e9\u05e7\u05e2\u05ea \u05d4\u05d7\u05de\u05d4<br><strong>22h38<\/strong> : Allumage des bougies du 2\u00e8me soir de Chavouot (\u00e0 partir d\u2019une bougie ou d\u2019une flamme existante)<\/p>\n\n\n\n<h3 class=\"wp-block-heading has-text-align-center\"><strong>2<em>\u00e8me jour de Chavouot<\/em><\/strong><\/h3>\n\n\n\n<p><em><strong>mardi 3 juin \u2013 matin :<\/strong><\/em><br><strong>09h00<\/strong> : Cha\u2019harit<br>Dvar Torah par le <strong>Rabbin Daniel KNAFO<\/strong>.<br><strong>11h15<\/strong> : Yzkor<\/p>\n\n\n\n<p><strong>mardi apr\u00e8s-midi :<\/strong><br><strong>20h00<\/strong> : Cours par le <strong>Rabbin Daniel KNAFO<\/strong>.<br><strong>21h00<\/strong> : Lecture du livre de Ruth et des Azharoth<br><strong>21h30<\/strong> : Min\u2019ha<br>Cours par le <strong>Rabbin Daniel KNAFO<\/strong>.<br><strong>21h47<\/strong> : Shquiya \/ \u05e9\u05e7\u05e2\u05ea \u05d4\u05d7\u05de\u05d4<\/p>\n\n\n\n<p><strong>mardi soir :<\/strong><br><strong>22h52<\/strong> : Arvit, fin de la f\u00eate de Chavouot<\/p>\n\n\n\n<p><strong>\u2018Hag Sam\u00e9a\u2019h !!!<\/strong><\/p>\n","protected":false},"excerpt":{"rendered":"<p>Chavouot \/ \u05e9\u05d1\u05d5\u05e2\u05d5\u05ea1\/3 juin 2025 \u2013 6\/7 Sivane 5785 \/ \u05d5\u2019\/\u05d6\u2019 \u05e1\u05d9\u05d5\u05df \u05ea\u05e9\u05e4\u2019\u05d4D\u00e9but dimanche soir \u00e0 21h28 \u2013 Fin mardi soir \u00e0 22h52 Les horaires : Veille de Chavouot dimanche 1 juin \u2013 soir :19h45 : Min\u2019ha20h00 : Arvit. Dvar Torah du Rabbin Daniel KNAFO20h15 : Allumage des bougies et [&hellip;]<\/p>\n","protected":false},"author":1,"featured_media":259,"comment_status":"open","ping_status":"open","sticky":false,"template":"","format":"standard","meta":{"om_disable_all_campaigns":false,"_monsterinsights_skip_tracking":false,"_monsterinsights_sitenote_active":false,"_monsterinsights_sitenote_note":"","_monsterinsights_sitenote_category":0,"_uf_show_specific_survey":0,"_uf_disable_surveys":false,"_jetpack_memberships_contains_paid_content":false,"footnotes":""},"categories":[17,11],"tags":[],"class_list":["post-1374","post","type-post","status-publish","format-standard","has-post-thumbnail","hentry","category-chavouolt","category-les-3-fetes-chaloch-regalim"],"aioseo_notices":[],"yoast_head":"<!-- This site is optimized with the Yoast SEO plugin v27.5 - https:\/\/yoast.com\/product\/yoast-seo-wordpress\/ -->\n<title>Chavouot 5785 - Synagogue Maguen Avraham<\/title>\n<meta name=\"robots\" content=\"index, follow, max-snippet:-1, max-image-preview:large, max-video-preview:-1\" \/>\n<link rel=\"canonical\" href=\"https:\/\/maguen-avraham.org\/index.php\/2025\/05\/28\/chavouot-5785\/\" \/>\n<meta property=\"og:locale\" content=\"fr_FR\" \/>\n<meta property=\"og:type\" content=\"article\" \/>\n<meta property=\"og:title\" content=\"Chavouot 5785 - Synagogue Maguen Avraham\" \/>\n<meta property=\"og:description\" content=\"Chavouot \/ \u05e9\u05d1\u05d5\u05e2\u05d5\u05ea1\/3 juin 2025 \u2013 6\/7 Sivane 5785 \/ \u05d5\u2019\/\u05d6\u2019 \u05e1\u05d9\u05d5\u05df \u05ea\u05e9\u05e4\u2019\u05d4D\u00e9but dimanche soir \u00e0 21h28 \u2013 Fin mardi soir \u00e0 22h52 Les horaires : Veille de Chavouot dimanche 1 juin \u2013 soir :19h45 : Min\u2019ha20h00 : Arvit. Dvar Torah du Rabbin Daniel KNAFO20h15 : Allumage des bougies et [&hellip;]\" \/>\n<meta property=\"og:url\" content=\"https:\/\/maguen-avraham.org\/index.php\/2025\/05\/28\/chavouot-5785\/\" \/>\n<meta property=\"og:site_name\" content=\"Synagogue Maguen Avraham\" \/>\n<meta property=\"article:publisher\" content=\"https:\/\/www.facebook.com\/SynaMaguenAvaham\/\" \/>\n<meta property=\"article:author\" content=\"https:\/\/www.facebook.com\/SynaMaguenAvaham\" \/>\n<meta property=\"article:published_time\" content=\"2025-05-28T19:43:21+00:00\" \/>\n<meta property=\"article:modified_time\" content=\"2025-05-29T19:21:22+00:00\" \/>\n<meta property=\"og:image\" content=\"https:\/\/maguen-avraham.org\/wp-content\/uploads\/2023\/09\/CCJB-Synagogue-Maguen-Avraham-Heikhal-fleurs-600.jpg\" \/>\n\t<meta property=\"og:image:width\" content=\"600\" \/>\n\t<meta property=\"og:image:height\" content=\"284\" \/>\n\t<meta property=\"og:image:type\" content=\"image\/jpeg\" \/>\n<meta name=\"author\" content=\"Synagogue Maguen Avraham\" \/>\n<meta name=\"twitter:card\" content=\"summary_large_image\" \/>\n<meta name=\"twitter:creator\" content=\"@maguenavraham\" \/>\n<meta name=\"twitter:site\" content=\"@maguenavraham\" \/>\n<meta name=\"twitter:label1\" content=\"\u00c9crit par\" \/>\n\t<meta name=\"twitter:data1\" content=\"Synagogue Maguen Avraham\" \/>\n\t<meta name=\"twitter:label2\" content=\"Dur\u00e9e de lecture estim\u00e9e\" \/>\n\t<meta name=\"twitter:data2\" content=\"2 minutes\" \/>\n<script type=\"application\/ld+json\" class=\"yoast-schema-graph\">{\"@context\":\"https:\\\/\\\/schema.org\",\"@graph\":[{\"@type\":\"Article\",\"@id\":\"https:\\\/\\\/maguen-avraham.org\\\/index.php\\\/2025\\\/05\\\/28\\\/chavouot-5785\\\/#article\",\"isPartOf\":{\"@id\":\"https:\\\/\\\/maguen-avraham.org\\\/index.php\\\/2025\\\/05\\\/28\\\/chavouot-5785\\\/\"},\"author\":{\"name\":\"Synagogue Maguen Avraham\",\"@id\":\"https:\\\/\\\/maguen-avraham.org\\\/#\\\/schema\\\/person\\\/7838d4bb1890735e71cb0a17970b9f4a\"},\"headline\":\"Chavouot 5785\",\"datePublished\":\"2025-05-28T19:43:21+00:00\",\"dateModified\":\"2025-05-29T19:21:22+00:00\",\"mainEntityOfPage\":{\"@id\":\"https:\\\/\\\/maguen-avraham.org\\\/index.php\\\/2025\\\/05\\\/28\\\/chavouot-5785\\\/\"},\"wordCount\":230,\"commentCount\":0,\"publisher\":{\"@id\":\"https:\\\/\\\/maguen-avraham.org\\\/#organization\"},\"image\":{\"@id\":\"https:\\\/\\\/maguen-avraham.org\\\/index.php\\\/2025\\\/05\\\/28\\\/chavouot-5785\\\/#primaryimage\"},\"thumbnailUrl\":\"https:\\\/\\\/maguen-avraham.org\\\/wp-content\\\/uploads\\\/2023\\\/09\\\/CCJB-Synagogue-Maguen-Avraham-Heikhal-fleurs-600.jpg\",\"articleSection\":[\"Chavouolt\",\"Les 3 f\u00eates - Chaloch R\u00e9galim\"],\"inLanguage\":\"fr-FR\",\"potentialAction\":[{\"@type\":\"CommentAction\",\"name\":\"Comment\",\"target\":[\"https:\\\/\\\/maguen-avraham.org\\\/index.php\\\/2025\\\/05\\\/28\\\/chavouot-5785\\\/#respond\"]}]},{\"@type\":\"WebPage\",\"@id\":\"https:\\\/\\\/maguen-avraham.org\\\/index.php\\\/2025\\\/05\\\/28\\\/chavouot-5785\\\/\",\"url\":\"https:\\\/\\\/maguen-avraham.org\\\/index.php\\\/2025\\\/05\\\/28\\\/chavouot-5785\\\/\",\"name\":\"Chavouot 5785 - Synagogue Maguen Avraham\",\"isPartOf\":{\"@id\":\"https:\\\/\\\/maguen-avraham.org\\\/#website\"},\"primaryImageOfPage\":{\"@id\":\"https:\\\/\\\/maguen-avraham.org\\\/index.php\\\/2025\\\/05\\\/28\\\/chavouot-5785\\\/#primaryimage\"},\"image\":{\"@id\":\"https:\\\/\\\/maguen-avraham.org\\\/index.php\\\/2025\\\/05\\\/28\\\/chavouot-5785\\\/#primaryimage\"},\"thumbnailUrl\":\"https:\\\/\\\/maguen-avraham.org\\\/wp-content\\\/uploads\\\/2023\\\/09\\\/CCJB-Synagogue-Maguen-Avraham-Heikhal-fleurs-600.jpg\",\"datePublished\":\"2025-05-28T19:43:21+00:00\",\"dateModified\":\"2025-05-29T19:21:22+00:00\",\"breadcrumb\":{\"@id\":\"https:\\\/\\\/maguen-avraham.org\\\/index.php\\\/2025\\\/05\\\/28\\\/chavouot-5785\\\/#breadcrumb\"},\"inLanguage\":\"fr-FR\",\"potentialAction\":[{\"@type\":\"ReadAction\",\"target\":[\"https:\\\/\\\/maguen-avraham.org\\\/index.php\\\/2025\\\/05\\\/28\\\/chavouot-5785\\\/\"]}]},{\"@type\":\"ImageObject\",\"inLanguage\":\"fr-FR\",\"@id\":\"https:\\\/\\\/maguen-avraham.org\\\/index.php\\\/2025\\\/05\\\/28\\\/chavouot-5785\\\/#primaryimage\",\"url\":\"https:\\\/\\\/maguen-avraham.org\\\/wp-content\\\/uploads\\\/2023\\\/09\\\/CCJB-Synagogue-Maguen-Avraham-Heikhal-fleurs-600.jpg\",\"contentUrl\":\"https:\\\/\\\/maguen-avraham.org\\\/wp-content\\\/uploads\\\/2023\\\/09\\\/CCJB-Synagogue-Maguen-Avraham-Heikhal-fleurs-600.jpg\",\"width\":600,\"height\":284},{\"@type\":\"BreadcrumbList\",\"@id\":\"https:\\\/\\\/maguen-avraham.org\\\/index.php\\\/2025\\\/05\\\/28\\\/chavouot-5785\\\/#breadcrumb\",\"itemListElement\":[{\"@type\":\"ListItem\",\"position\":1,\"name\":\"Accueil\",\"item\":\"https:\\\/\\\/maguen-avraham.org\\\/\"},{\"@type\":\"ListItem\",\"position\":2,\"name\":\"Chavouot 5785\"}]},{\"@type\":\"WebSite\",\"@id\":\"https:\\\/\\\/maguen-avraham.org\\\/#website\",\"url\":\"https:\\\/\\\/maguen-avraham.org\\\/\",\"name\":\"Synagogue Maguen Avraham\",\"description\":\"La Synagogue Maguen Avraham du Centre Culturel juif de Boulogne\",\"publisher\":{\"@id\":\"https:\\\/\\\/maguen-avraham.org\\\/#organization\"},\"potentialAction\":[{\"@type\":\"SearchAction\",\"target\":{\"@type\":\"EntryPoint\",\"urlTemplate\":\"https:\\\/\\\/maguen-avraham.org\\\/?s={search_term_string}\"},\"query-input\":{\"@type\":\"PropertyValueSpecification\",\"valueRequired\":true,\"valueName\":\"search_term_string\"}}],\"inLanguage\":\"fr-FR\"},{\"@type\":\"Organization\",\"@id\":\"https:\\\/\\\/maguen-avraham.org\\\/#organization\",\"name\":\"Synagogue Maguen Avraham\",\"url\":\"https:\\\/\\\/maguen-avraham.org\\\/\",\"logo\":{\"@type\":\"ImageObject\",\"inLanguage\":\"fr-FR\",\"@id\":\"https:\\\/\\\/maguen-avraham.org\\\/#\\\/schema\\\/logo\\\/image\\\/\",\"url\":\"https:\\\/\\\/maguen-avraham.org\\\/wp-content\\\/uploads\\\/2023\\\/06\\\/logo-maguen-avraham.jpg\",\"contentUrl\":\"https:\\\/\\\/maguen-avraham.org\\\/wp-content\\\/uploads\\\/2023\\\/06\\\/logo-maguen-avraham.jpg\",\"width\":843,\"height\":843,\"caption\":\"Synagogue Maguen Avraham\"},\"image\":{\"@id\":\"https:\\\/\\\/maguen-avraham.org\\\/#\\\/schema\\\/logo\\\/image\\\/\"},\"sameAs\":[\"https:\\\/\\\/www.facebook.com\\\/SynaMaguenAvaham\\\/\",\"https:\\\/\\\/x.com\\\/maguenavraham\"]},{\"@type\":\"Person\",\"@id\":\"https:\\\/\\\/maguen-avraham.org\\\/#\\\/schema\\\/person\\\/7838d4bb1890735e71cb0a17970b9f4a\",\"name\":\"Synagogue Maguen Avraham\",\"image\":{\"@type\":\"ImageObject\",\"inLanguage\":\"fr-FR\",\"@id\":\"https:\\\/\\\/secure.gravatar.com\\\/avatar\\\/ea30fe7a8231c8c0bf30066f86006714af7be34ba414543eaab3e453b92901aa?s=96&d=mm&r=g\",\"url\":\"https:\\\/\\\/secure.gravatar.com\\\/avatar\\\/ea30fe7a8231c8c0bf30066f86006714af7be34ba414543eaab3e453b92901aa?s=96&d=mm&r=g\",\"contentUrl\":\"https:\\\/\\\/secure.gravatar.com\\\/avatar\\\/ea30fe7a8231c8c0bf30066f86006714af7be34ba414543eaab3e453b92901aa?s=96&d=mm&r=g\",\"caption\":\"Synagogue Maguen Avraham\"},\"sameAs\":[\"http:\\\/\\\/maguen-avraham.org\",\"https:\\\/\\\/www.facebook.com\\\/SynaMaguenAvaham\",\"https:\\\/\\\/www.instagram.com\\\/synagogue_maguen_avraham\\\/\",\"https:\\\/\\\/x.com\\\/maguenavraham\"],\"url\":\"https:\\\/\\\/maguen-avraham.org\\\/index.php\\\/author\\\/admin_ma\\\/\"}]}<\/script>\n<!-- \/ Yoast SEO plugin. -->","yoast_head_json":{"title":"Chavouot 5785 - Synagogue Maguen Avraham","robots":{"index":"index","follow":"follow","max-snippet":"max-snippet:-1","max-image-preview":"max-image-preview:large","max-video-preview":"max-video-preview:-1"},"canonical":"https:\/\/maguen-avraham.org\/index.php\/2025\/05\/28\/chavouot-5785\/","og_locale":"fr_FR","og_type":"article","og_title":"Chavouot 5785 - Synagogue Maguen Avraham","og_description":"Chavouot \/ \u05e9\u05d1\u05d5\u05e2\u05d5\u05ea1\/3 juin 2025 \u2013 6\/7 Sivane 5785 \/ \u05d5\u2019\/\u05d6\u2019 \u05e1\u05d9\u05d5\u05df \u05ea\u05e9\u05e4\u2019\u05d4D\u00e9but dimanche soir \u00e0 21h28 \u2013 Fin mardi soir \u00e0 22h52 Les horaires : Veille de Chavouot dimanche 1 juin \u2013 soir :19h45 : Min\u2019ha20h00 : Arvit. Dvar Torah du Rabbin Daniel KNAFO20h15 : Allumage des bougies et [&hellip;]","og_url":"https:\/\/maguen-avraham.org\/index.php\/2025\/05\/28\/chavouot-5785\/","og_site_name":"Synagogue Maguen Avraham","article_publisher":"https:\/\/www.facebook.com\/SynaMaguenAvaham\/","article_author":"https:\/\/www.facebook.com\/SynaMaguenAvaham","article_published_time":"2025-05-28T19:43:21+00:00","article_modified_time":"2025-05-29T19:21:22+00:00","og_image":[{"width":600,"height":284,"url":"https:\/\/maguen-avraham.org\/wp-content\/uploads\/2023\/09\/CCJB-Synagogue-Maguen-Avraham-Heikhal-fleurs-600.jpg","type":"image\/jpeg"}],"author":"Synagogue Maguen Avraham","twitter_card":"summary_large_image","twitter_creator":"@maguenavraham","twitter_site":"@maguenavraham","twitter_misc":{"\u00c9crit par":"Synagogue Maguen Avraham","Dur\u00e9e de lecture estim\u00e9e":"2 minutes"},"schema":{"@context":"https:\/\/schema.org","@graph":[{"@type":"Article","@id":"https:\/\/maguen-avraham.org\/index.php\/2025\/05\/28\/chavouot-5785\/#article","isPartOf":{"@id":"https:\/\/maguen-avraham.org\/index.php\/2025\/05\/28\/chavouot-5785\/"},"author":{"name":"Synagogue Maguen Avraham","@id":"https:\/\/maguen-avraham.org\/#\/schema\/person\/7838d4bb1890735e71cb0a17970b9f4a"},"headline":"Chavouot 5785","datePublished":"2025-05-28T19:43:21+00:00","dateModified":"2025-05-29T19:21:22+00:00","mainEntityOfPage":{"@id":"https:\/\/maguen-avraham.org\/index.php\/2025\/05\/28\/chavouot-5785\/"},"wordCount":230,"commentCount":0,"publisher":{"@id":"https:\/\/maguen-avraham.org\/#organization"},"image":{"@id":"https:\/\/maguen-avraham.org\/index.php\/2025\/05\/28\/chavouot-5785\/#primaryimage"},"thumbnailUrl":"https:\/\/maguen-avraham.org\/wp-content\/uploads\/2023\/09\/CCJB-Synagogue-Maguen-Avraham-Heikhal-fleurs-600.jpg","articleSection":["Chavouolt","Les 3 f\u00eates - Chaloch R\u00e9galim"],"inLanguage":"fr-FR","potentialAction":[{"@type":"CommentAction","name":"Comment","target":["https:\/\/maguen-avraham.org\/index.php\/2025\/05\/28\/chavouot-5785\/#respond"]}]},{"@type":"WebPage","@id":"https:\/\/maguen-avraham.org\/index.php\/2025\/05\/28\/chavouot-5785\/","url":"https:\/\/maguen-avraham.org\/index.php\/2025\/05\/28\/chavouot-5785\/","name":"Chavouot 5785 - Synagogue Maguen Avraham","isPartOf":{"@id":"https:\/\/maguen-avraham.org\/#website"},"primaryImageOfPage":{"@id":"https:\/\/maguen-avraham.org\/index.php\/2025\/05\/28\/chavouot-5785\/#primaryimage"},"image":{"@id":"https:\/\/maguen-avraham.org\/index.php\/2025\/05\/28\/chavouot-5785\/#primaryimage"},"thumbnailUrl":"https:\/\/maguen-avraham.org\/wp-content\/uploads\/2023\/09\/CCJB-Synagogue-Maguen-Avraham-Heikhal-fleurs-600.jpg","datePublished":"2025-05-28T19:43:21+00:00","dateModified":"2025-05-29T19:21:22+00:00","breadcrumb":{"@id":"https:\/\/maguen-avraham.org\/index.php\/2025\/05\/28\/chavouot-5785\/#breadcrumb"},"inLanguage":"fr-FR","potentialAction":[{"@type":"ReadAction","target":["https:\/\/maguen-avraham.org\/index.php\/2025\/05\/28\/chavouot-5785\/"]}]},{"@type":"ImageObject","inLanguage":"fr-FR","@id":"https:\/\/maguen-avraham.org\/index.php\/2025\/05\/28\/chavouot-5785\/#primaryimage","url":"https:\/\/maguen-avraham.org\/wp-content\/uploads\/2023\/09\/CCJB-Synagogue-Maguen-Avraham-Heikhal-fleurs-600.jpg","contentUrl":"https:\/\/maguen-avraham.org\/wp-content\/uploads\/2023\/09\/CCJB-Synagogue-Maguen-Avraham-Heikhal-fleurs-600.jpg","width":600,"height":284},{"@type":"BreadcrumbList","@id":"https:\/\/maguen-avraham.org\/index.php\/2025\/05\/28\/chavouot-5785\/#breadcrumb","itemListElement":[{"@type":"ListItem","position":1,"name":"Accueil","item":"https:\/\/maguen-avraham.org\/"},{"@type":"ListItem","position":2,"name":"Chavouot 5785"}]},{"@type":"WebSite","@id":"https:\/\/maguen-avraham.org\/#website","url":"https:\/\/maguen-avraham.org\/","name":"Synagogue Maguen Avraham","description":"La Synagogue Maguen Avraham du Centre Culturel juif de Boulogne","publisher":{"@id":"https:\/\/maguen-avraham.org\/#organization"},"potentialAction":[{"@type":"SearchAction","target":{"@type":"EntryPoint","urlTemplate":"https:\/\/maguen-avraham.org\/?s={search_term_string}"},"query-input":{"@type":"PropertyValueSpecification","valueRequired":true,"valueName":"search_term_string"}}],"inLanguage":"fr-FR"},{"@type":"Organization","@id":"https:\/\/maguen-avraham.org\/#organization","name":"Synagogue Maguen Avraham","url":"https:\/\/maguen-avraham.org\/","logo":{"@type":"ImageObject","inLanguage":"fr-FR","@id":"https:\/\/maguen-avraham.org\/#\/schema\/logo\/image\/","url":"https:\/\/maguen-avraham.org\/wp-content\/uploads\/2023\/06\/logo-maguen-avraham.jpg","contentUrl":"https:\/\/maguen-avraham.org\/wp-content\/uploads\/2023\/06\/logo-maguen-avraham.jpg","width":843,"height":843,"caption":"Synagogue Maguen Avraham"},"image":{"@id":"https:\/\/maguen-avraham.org\/#\/schema\/logo\/image\/"},"sameAs":["https:\/\/www.facebook.com\/SynaMaguenAvaham\/","https:\/\/x.com\/maguenavraham"]},{"@type":"Person","@id":"https:\/\/maguen-avraham.org\/#\/schema\/person\/7838d4bb1890735e71cb0a17970b9f4a","name":"Synagogue Maguen Avraham","image":{"@type":"ImageObject","inLanguage":"fr-FR","@id":"https:\/\/secure.gravatar.com\/avatar\/ea30fe7a8231c8c0bf30066f86006714af7be34ba414543eaab3e453b92901aa?s=96&d=mm&r=g","url":"https:\/\/secure.gravatar.com\/avatar\/ea30fe7a8231c8c0bf30066f86006714af7be34ba414543eaab3e453b92901aa?s=96&d=mm&r=g","contentUrl":"https:\/\/secure.gravatar.com\/avatar\/ea30fe7a8231c8c0bf30066f86006714af7be34ba414543eaab3e453b92901aa?s=96&d=mm&r=g","caption":"Synagogue Maguen Avraham"},"sameAs":["http:\/\/maguen-avraham.org","https:\/\/www.facebook.com\/SynaMaguenAvaham","https:\/\/www.instagram.com\/synagogue_maguen_avraham\/","https:\/\/x.com\/maguenavraham"],"url":"https:\/\/maguen-avraham.org\/index.php\/author\/admin_ma\/"}]}},"jetpack_featured_media_url":"https:\/\/maguen-avraham.org\/wp-content\/uploads\/2023\/09\/CCJB-Synagogue-Maguen-Avraham-Heikhal-fleurs-600.jpg","jetpack_sharing_enabled":true,"_links":{"self":[{"href":"https:\/\/maguen-avraham.org\/index.php\/wp-json\/wp\/v2\/posts\/1374","targetHints":{"allow":["GET"]}}],"collection":[{"href":"https:\/\/maguen-avraham.org\/index.php\/wp-json\/wp\/v2\/posts"}],"about":[{"href":"https:\/\/maguen-avraham.org\/index.php\/wp-json\/wp\/v2\/types\/post"}],"author":[{"embeddable":true,"href":"https:\/\/maguen-avraham.org\/index.php\/wp-json\/wp\/v2\/users\/1"}],"replies":[{"embeddable":true,"href":"https:\/\/maguen-avraham.org\/index.php\/wp-json\/wp\/v2\/comments?post=1374"}],"version-history":[{"count":4,"href":"https:\/\/maguen-avraham.org\/index.php\/wp-json\/wp\/v2\/posts\/1374\/revisions"}],"predecessor-version":[{"id":1383,"href":"https:\/\/maguen-avraham.org\/index.php\/wp-json\/wp\/v2\/posts\/1374\/revisions\/1383"}],"wp:featuredmedia":[{"embeddable":true,"href":"https:\/\/maguen-avraham.org\/index.php\/wp-json\/wp\/v2\/media\/259"}],"wp:attachment":[{"href":"https:\/\/maguen-avraham.org\/index.php\/wp-json\/wp\/v2\/media?parent=1374"}],"wp:term":[{"taxonomy":"category","embeddable":true,"href":"https:\/\/maguen-avraham.org\/index.php\/wp-json\/wp\/v2\/categories?post=1374"},{"taxonomy":"post_tag","embeddable":true,"href":"https:\/\/maguen-avraham.org\/index.php\/wp-json\/wp\/v2\/tags?post=1374"}],"curies":[{"name":"wp","href":"https:\/\/api.w.org\/{rel}","templated":true}]}}