{"id":1501,"date":"2025-09-14T22:09:50","date_gmt":"2025-09-14T20:09:50","guid":{"rendered":"https:\/\/maguen-avraham.org\/?p=1501"},"modified":"2025-09-24T22:46:49","modified_gmt":"2025-09-24T20:46:49","slug":"roch-hachana-5786","status":"publish","type":"post","link":"https:\/\/maguen-avraham.org\/index.php\/2025\/09\/14\/roch-hachana-5786\/","title":{"rendered":"Roch HaChana 5786"},"content":{"rendered":"\n<h4 class=\"wp-block-heading has-text-align-center\">Roch haChana \/ \u05e8\u05d0\u05e9 \u05d4\u05e9\u05e0\u05d4<br>22\/24 septembre 2025 &#8211; 1\/2 Tichri 5786 \/ \u05d0&rsquo; \u05ea\u05e9\u05e8\u05d9 \u05ea\u05e9\u05e4&rsquo;\u05d5<br><em>D\u00e9but lundi soir \u00e0 19h30 &#8211; Fin mercredi soir \u00e0 20h31<\/em><\/h4>\n\n\n<div class=\"wp-block-image\">\n<figure class=\"aligncenter size-full\"><img loading=\"lazy\" decoding=\"async\" width=\"800\" height=\"379\" src=\"https:\/\/maguen-avraham.org\/wp-content\/uploads\/2023\/09\/ACJBB-CCJB-92-Teva-Roch-HaChana-800.jpg\" alt=\"\" class=\"wp-image-280\" srcset=\"https:\/\/maguen-avraham.org\/wp-content\/uploads\/2023\/09\/ACJBB-CCJB-92-Teva-Roch-HaChana-800.jpg 800w, https:\/\/maguen-avraham.org\/wp-content\/uploads\/2023\/09\/ACJBB-CCJB-92-Teva-Roch-HaChana-800-300x142.jpg 300w, https:\/\/maguen-avraham.org\/wp-content\/uploads\/2023\/09\/ACJBB-CCJB-92-Teva-Roch-HaChana-800-768x364.jpg 768w\" sizes=\"auto, (max-width: 800px) 100vw, 800px\" \/><\/figure>\n<\/div>\n\n\n<h3 class=\"wp-block-heading\"><strong><span style=\"text-decoration: underline;\">Les Horaires :<\/span><\/strong><\/h3>\n\n\n\n<h3 class=\"wp-block-heading has-text-align-center\"><strong><em>veille de Roch haChana<\/em><\/strong><\/h3>\n\n\n\n<p><strong><em>lundi 22 septembre matin :<\/em><\/strong><br><strong>06h00<\/strong> : S\u00e9li&rsquo;hots<br><strong>07h00<\/strong> : Cha\u2019harit suivi de Hatarat N\u00e9darim (la pri\u00e8re pour l&rsquo;annulation de v\u0153ux) vers 08h00<\/p>\n\n\n\n<p><strong><em>lundi 22 septembre, soir &#8211; 1er soir de Roch HaCHana :<\/em><\/strong><br><strong>19h00<\/strong> : Min&rsquo;ha suivi de Arvit<br><strong>19h25<\/strong> : Allumage des bougies et d\u00e9but de la f\u00eate <strong>(heure maximum pour allumer les bougies 19h30)<\/strong><br><strong>Allumer une bougie de 48H pour pouvoir allumer les bougies le 2\u00e8me soir<\/strong><\/p>\n\n\n\n<h3 class=\"wp-block-heading has-text-align-center\"><strong><em>1er jour de Roch haChana<\/em><\/strong><\/h3>\n\n\n\n<p><strong><em>mardi 23 septembre, matin :<\/em><\/strong><br><strong>08h30<\/strong> : Cha&rsquo;harit. Dvar Torah par le <strong>Rabbin Daniel KNAFO<\/strong> <br><strong>Sonneries du Shofar vers 12h00<\/strong><\/p>\n\n\n\n<p><strong><em>mardi 23 septembre, apr\u00e8s-midi :<\/em><\/strong><br><strong>18h00<\/strong> : Min&rsquo;ha <br> <em>Sonneries du Choffar pour les personnes n&rsquo;ayant pas pu \u00e9cout\u00e9 le matin<\/em><br><strong>18h30<\/strong> : Tachli&rsquo;kh <br><strong>19h46<\/strong> : Shquiya \/ \u05e9\u05e7\u05e2\u05ea \u05d4\u05d7\u05de\u05d4<\/p>\n\n\n\n<p><strong><em>mardi 23 septembre, soir &#8211; 2\u00e8me soir de Roch HaChana :<\/em><\/strong><br><strong>19h15<\/strong> : Arvit<br><strong>20h30<\/strong> : Allumage des bougies du 2\u00e8me jour de Roch haChana, <strong>\u00e0 partir d\u2019une flamme existante (allum\u00e9e avant la f\u00eate ou d&rsquo;une bougie d\u00e9j\u00e0 allum\u00e9e)<\/strong>.<\/p>\n\n\n\n<h3 class=\"wp-block-heading has-text-align-center\"><strong><em>2\u00e8me jour de Roch haChana<\/em><\/strong><\/h3>\n\n\n\n<p><strong><em>mercredi 24 septembre, matin :<\/em><\/strong><br><strong>08h30<\/strong> : Cha&rsquo;harit. Dvar Torah par le <strong>Rabbin Daniel KNAFO<\/strong> <br><strong>Sonneries du Shofar vers 12h00<\/strong><\/p>\n\n\n\n<p><strong><em>mercredi 24 septembre, apr\u00e8s-midi :<\/em><\/strong> <br><strong>18h00<\/strong> : Cours par le <strong>Rabbin Daniel KNAFO<\/strong> <br> <em>Sonneries du Choffar pour les personnes n&rsquo;ayant pas pu \u00e9cout\u00e9 le matin<\/em><br><strong>19h00<\/strong> : Min&rsquo;ha<br><strong>19h44<\/strong> : Shquiya \/ \u05e9\u05e7\u05e2\u05ea \u05d4\u05d7\u05de\u05d4<\/p>\n\n\n\n<p><strong>20h31<\/strong> : Fin de Roch HaChana, Arvit et Havdala sans feu ni aromates.<\/p>\n\n\n\n<p><strong>Chana Tova ouM\u00e9touka !!<\/strong><\/p>\n\n\n\n<h3 class=\"wp-block-heading has-text-align-center\"><strong><em>jeune de Gu\u00e9dalia<\/em><\/strong> &#8211; jeudi 25 septembre (06h07 &#8211; 20h20)<\/h3>\n\n\n\n<p><strong><em>jeudi 25 septembre :<\/em><\/strong><br><strong>06h00<\/strong> : S\u00e9li&rsquo;hot.<br><strong>07h00<\/strong> : Cha&rsquo;harit<\/p>\n\n\n\n<p><strong>19h15<\/strong> : Min&rsquo;ha suivi de Arvit, suivi d&rsquo;une s\u00e9ouda \u00e0 la fin du je\u00fbne offerte par <strong>Maud et Laurent Cohen Salmon<\/strong>, l\u00e9ilouy nichmat le papa de <strong>Maud<\/strong>, <strong>Moch\u00e9 ben Esther<\/strong> (z&rsquo;l).<\/p>\n","protected":false},"excerpt":{"rendered":"<p>Roch haChana \/ \u05e8\u05d0\u05e9 \u05d4\u05e9\u05e0\u05d422\/24 septembre 2025 &#8211; 1\/2 Tichri 5786 \/ \u05d0&rsquo; \u05ea\u05e9\u05e8\u05d9 \u05ea\u05e9\u05e4&rsquo;\u05d5D\u00e9but lundi soir \u00e0 19h30 &#8211; Fin mercredi soir \u00e0 20h31 Les Horaires : veille de Roch haChana lundi 22 septembre matin :06h00 : S\u00e9li&rsquo;hots07h00 : Cha\u2019harit suivi de Hatarat N\u00e9darim (la pri\u00e8re pour l&rsquo;annulation de [&hellip;]<\/p>\n","protected":false},"author":1,"featured_media":279,"comment_status":"open","ping_status":"open","sticky":false,"template":"","format":"standard","meta":{"om_disable_all_campaigns":false,"_monsterinsights_skip_tracking":false,"_monsterinsights_sitenote_active":false,"_monsterinsights_sitenote_note":"","_monsterinsights_sitenote_category":0,"_uf_show_specific_survey":0,"_uf_disable_surveys":false,"_jetpack_memberships_contains_paid_content":false,"footnotes":""},"categories":[8],"tags":[],"class_list":["post-1501","post","type-post","status-publish","format-standard","has-post-thumbnail","hentry","category-roch-hachana"],"aioseo_notices":[],"yoast_head":"<!-- This site is optimized with the Yoast SEO plugin v26.6 - https:\/\/yoast.com\/wordpress\/plugins\/seo\/ -->\n<title>Roch HaChana 5786 - Synagogue Maguen Avraham<\/title>\n<meta name=\"robots\" content=\"index, follow, max-snippet:-1, max-image-preview:large, max-video-preview:-1\" \/>\n<link rel=\"canonical\" href=\"https:\/\/maguen-avraham.org\/index.php\/2025\/09\/14\/roch-hachana-5786\/\" \/>\n<meta property=\"og:locale\" content=\"fr_FR\" \/>\n<meta property=\"og:type\" content=\"article\" \/>\n<meta property=\"og:title\" content=\"Roch HaChana 5786 - Synagogue Maguen Avraham\" \/>\n<meta property=\"og:description\" content=\"Roch haChana \/ \u05e8\u05d0\u05e9 \u05d4\u05e9\u05e0\u05d422\/24 septembre 2025 &#8211; 1\/2 Tichri 5786 \/ \u05d0&rsquo; \u05ea\u05e9\u05e8\u05d9 \u05ea\u05e9\u05e4&rsquo;\u05d5D\u00e9but lundi soir \u00e0 19h30 &#8211; Fin mercredi soir \u00e0 20h31 Les Horaires : veille de Roch haChana lundi 22 septembre matin :06h00 : S\u00e9li&rsquo;hots07h00 : Cha\u2019harit suivi de Hatarat N\u00e9darim (la pri\u00e8re pour l&rsquo;annulation de [&hellip;]\" \/>\n<meta property=\"og:url\" content=\"https:\/\/maguen-avraham.org\/index.php\/2025\/09\/14\/roch-hachana-5786\/\" \/>\n<meta property=\"og:site_name\" content=\"Synagogue Maguen Avraham\" \/>\n<meta property=\"article:publisher\" content=\"https:\/\/www.facebook.com\/SynaMaguenAvaham\/\" \/>\n<meta property=\"article:author\" content=\"https:\/\/www.facebook.com\/SynaMaguenAvaham\" \/>\n<meta property=\"article:published_time\" content=\"2025-09-14T20:09:50+00:00\" \/>\n<meta property=\"article:modified_time\" content=\"2025-09-24T20:46:49+00:00\" \/>\n<meta property=\"og:image\" content=\"https:\/\/maguen-avraham.org\/wp-content\/uploads\/2023\/09\/ACJBB-CCJB-92-Teva-Roch-HaChana-600.jpg\" \/>\n\t<meta property=\"og:image:width\" content=\"600\" \/>\n\t<meta property=\"og:image:height\" content=\"284\" \/>\n\t<meta property=\"og:image:type\" content=\"image\/jpeg\" \/>\n<meta name=\"author\" content=\"Synagogue Maguen Avraham\" \/>\n<meta name=\"twitter:card\" content=\"summary_large_image\" \/>\n<meta name=\"twitter:creator\" content=\"@maguenavraham\" \/>\n<meta name=\"twitter:site\" content=\"@maguenavraham\" \/>\n<meta name=\"twitter:label1\" content=\"\u00c9crit par\" \/>\n\t<meta name=\"twitter:data1\" content=\"Synagogue Maguen Avraham\" \/>\n\t<meta name=\"twitter:label2\" content=\"Dur\u00e9e de lecture estim\u00e9e\" \/>\n\t<meta name=\"twitter:data2\" content=\"2 minutes\" \/>\n<script type=\"application\/ld+json\" class=\"yoast-schema-graph\">{\"@context\":\"https:\/\/schema.org\",\"@graph\":[{\"@type\":\"Article\",\"@id\":\"https:\/\/maguen-avraham.org\/index.php\/2025\/09\/14\/roch-hachana-5786\/#article\",\"isPartOf\":{\"@id\":\"https:\/\/maguen-avraham.org\/index.php\/2025\/09\/14\/roch-hachana-5786\/\"},\"author\":{\"name\":\"Synagogue Maguen Avraham\",\"@id\":\"https:\/\/maguen-avraham.org\/#\/schema\/person\/7838d4bb1890735e71cb0a17970b9f4a\"},\"headline\":\"Roch HaChana 5786\",\"datePublished\":\"2025-09-14T20:09:50+00:00\",\"dateModified\":\"2025-09-24T20:46:49+00:00\",\"mainEntityOfPage\":{\"@id\":\"https:\/\/maguen-avraham.org\/index.php\/2025\/09\/14\/roch-hachana-5786\/\"},\"wordCount\":305,\"commentCount\":0,\"publisher\":{\"@id\":\"https:\/\/maguen-avraham.org\/#organization\"},\"image\":{\"@id\":\"https:\/\/maguen-avraham.org\/index.php\/2025\/09\/14\/roch-hachana-5786\/#primaryimage\"},\"thumbnailUrl\":\"https:\/\/maguen-avraham.org\/wp-content\/uploads\/2023\/09\/ACJBB-CCJB-92-Teva-Roch-HaChana-600.jpg\",\"articleSection\":[\"Roch Hachana\"],\"inLanguage\":\"fr-FR\",\"potentialAction\":[{\"@type\":\"CommentAction\",\"name\":\"Comment\",\"target\":[\"https:\/\/maguen-avraham.org\/index.php\/2025\/09\/14\/roch-hachana-5786\/#respond\"]}]},{\"@type\":\"WebPage\",\"@id\":\"https:\/\/maguen-avraham.org\/index.php\/2025\/09\/14\/roch-hachana-5786\/\",\"url\":\"https:\/\/maguen-avraham.org\/index.php\/2025\/09\/14\/roch-hachana-5786\/\",\"name\":\"Roch HaChana 5786 - Synagogue Maguen Avraham\",\"isPartOf\":{\"@id\":\"https:\/\/maguen-avraham.org\/#website\"},\"primaryImageOfPage\":{\"@id\":\"https:\/\/maguen-avraham.org\/index.php\/2025\/09\/14\/roch-hachana-5786\/#primaryimage\"},\"image\":{\"@id\":\"https:\/\/maguen-avraham.org\/index.php\/2025\/09\/14\/roch-hachana-5786\/#primaryimage\"},\"thumbnailUrl\":\"https:\/\/maguen-avraham.org\/wp-content\/uploads\/2023\/09\/ACJBB-CCJB-92-Teva-Roch-HaChana-600.jpg\",\"datePublished\":\"2025-09-14T20:09:50+00:00\",\"dateModified\":\"2025-09-24T20:46:49+00:00\",\"breadcrumb\":{\"@id\":\"https:\/\/maguen-avraham.org\/index.php\/2025\/09\/14\/roch-hachana-5786\/#breadcrumb\"},\"inLanguage\":\"fr-FR\",\"potentialAction\":[{\"@type\":\"ReadAction\",\"target\":[\"https:\/\/maguen-avraham.org\/index.php\/2025\/09\/14\/roch-hachana-5786\/\"]}]},{\"@type\":\"ImageObject\",\"inLanguage\":\"fr-FR\",\"@id\":\"https:\/\/maguen-avraham.org\/index.php\/2025\/09\/14\/roch-hachana-5786\/#primaryimage\",\"url\":\"https:\/\/maguen-avraham.org\/wp-content\/uploads\/2023\/09\/ACJBB-CCJB-92-Teva-Roch-HaChana-600.jpg\",\"contentUrl\":\"https:\/\/maguen-avraham.org\/wp-content\/uploads\/2023\/09\/ACJBB-CCJB-92-Teva-Roch-HaChana-600.jpg\",\"width\":600,\"height\":284},{\"@type\":\"BreadcrumbList\",\"@id\":\"https:\/\/maguen-avraham.org\/index.php\/2025\/09\/14\/roch-hachana-5786\/#breadcrumb\",\"itemListElement\":[{\"@type\":\"ListItem\",\"position\":1,\"name\":\"Accueil\",\"item\":\"https:\/\/maguen-avraham.org\/\"},{\"@type\":\"ListItem\",\"position\":2,\"name\":\"Roch HaChana 5786\"}]},{\"@type\":\"WebSite\",\"@id\":\"https:\/\/maguen-avraham.org\/#website\",\"url\":\"https:\/\/maguen-avraham.org\/\",\"name\":\"Synagogue Maguen Avraham\",\"description\":\"La Synagogue Maguen Avraham du Centre Culturel juif de Boulogne\",\"publisher\":{\"@id\":\"https:\/\/maguen-avraham.org\/#organization\"},\"potentialAction\":[{\"@type\":\"SearchAction\",\"target\":{\"@type\":\"EntryPoint\",\"urlTemplate\":\"https:\/\/maguen-avraham.org\/?s={search_term_string}\"},\"query-input\":{\"@type\":\"PropertyValueSpecification\",\"valueRequired\":true,\"valueName\":\"search_term_string\"}}],\"inLanguage\":\"fr-FR\"},{\"@type\":\"Organization\",\"@id\":\"https:\/\/maguen-avraham.org\/#organization\",\"name\":\"Synagogue Maguen Avraham\",\"url\":\"https:\/\/maguen-avraham.org\/\",\"logo\":{\"@type\":\"ImageObject\",\"inLanguage\":\"fr-FR\",\"@id\":\"https:\/\/maguen-avraham.org\/#\/schema\/logo\/image\/\",\"url\":\"https:\/\/maguen-avraham.org\/wp-content\/uploads\/2023\/06\/logo-maguen-avraham.jpg\",\"contentUrl\":\"https:\/\/maguen-avraham.org\/wp-content\/uploads\/2023\/06\/logo-maguen-avraham.jpg\",\"width\":843,\"height\":843,\"caption\":\"Synagogue Maguen Avraham\"},\"image\":{\"@id\":\"https:\/\/maguen-avraham.org\/#\/schema\/logo\/image\/\"},\"sameAs\":[\"https:\/\/www.facebook.com\/SynaMaguenAvaham\/\",\"https:\/\/x.com\/maguenavraham\"]},{\"@type\":\"Person\",\"@id\":\"https:\/\/maguen-avraham.org\/#\/schema\/person\/7838d4bb1890735e71cb0a17970b9f4a\",\"name\":\"Synagogue Maguen Avraham\",\"image\":{\"@type\":\"ImageObject\",\"inLanguage\":\"fr-FR\",\"@id\":\"https:\/\/maguen-avraham.org\/#\/schema\/person\/image\/\",\"url\":\"https:\/\/secure.gravatar.com\/avatar\/ea30fe7a8231c8c0bf30066f86006714af7be34ba414543eaab3e453b92901aa?s=96&d=mm&r=g\",\"contentUrl\":\"https:\/\/secure.gravatar.com\/avatar\/ea30fe7a8231c8c0bf30066f86006714af7be34ba414543eaab3e453b92901aa?s=96&d=mm&r=g\",\"caption\":\"Synagogue Maguen Avraham\"},\"sameAs\":[\"http:\/\/maguen-avraham.org\",\"https:\/\/www.facebook.com\/SynaMaguenAvaham\",\"https:\/\/www.instagram.com\/synagogue_maguen_avraham\/\",\"https:\/\/x.com\/maguenavraham\"],\"url\":\"https:\/\/maguen-avraham.org\/index.php\/author\/admin_ma\/\"}]}<\/script>\n<!-- \/ Yoast SEO plugin. -->","yoast_head_json":{"title":"Roch HaChana 5786 - Synagogue Maguen Avraham","robots":{"index":"index","follow":"follow","max-snippet":"max-snippet:-1","max-image-preview":"max-image-preview:large","max-video-preview":"max-video-preview:-1"},"canonical":"https:\/\/maguen-avraham.org\/index.php\/2025\/09\/14\/roch-hachana-5786\/","og_locale":"fr_FR","og_type":"article","og_title":"Roch HaChana 5786 - Synagogue Maguen Avraham","og_description":"Roch haChana \/ \u05e8\u05d0\u05e9 \u05d4\u05e9\u05e0\u05d422\/24 septembre 2025 &#8211; 1\/2 Tichri 5786 \/ \u05d0&rsquo; \u05ea\u05e9\u05e8\u05d9 \u05ea\u05e9\u05e4&rsquo;\u05d5D\u00e9but lundi soir \u00e0 19h30 &#8211; Fin mercredi soir \u00e0 20h31 Les Horaires : veille de Roch haChana lundi 22 septembre matin :06h00 : S\u00e9li&rsquo;hots07h00 : Cha\u2019harit suivi de Hatarat N\u00e9darim (la pri\u00e8re pour l&rsquo;annulation de [&hellip;]","og_url":"https:\/\/maguen-avraham.org\/index.php\/2025\/09\/14\/roch-hachana-5786\/","og_site_name":"Synagogue Maguen Avraham","article_publisher":"https:\/\/www.facebook.com\/SynaMaguenAvaham\/","article_author":"https:\/\/www.facebook.com\/SynaMaguenAvaham","article_published_time":"2025-09-14T20:09:50+00:00","article_modified_time":"2025-09-24T20:46:49+00:00","og_image":[{"width":600,"height":284,"url":"https:\/\/maguen-avraham.org\/wp-content\/uploads\/2023\/09\/ACJBB-CCJB-92-Teva-Roch-HaChana-600.jpg","type":"image\/jpeg"}],"author":"Synagogue Maguen Avraham","twitter_card":"summary_large_image","twitter_creator":"@maguenavraham","twitter_site":"@maguenavraham","twitter_misc":{"\u00c9crit par":"Synagogue Maguen Avraham","Dur\u00e9e de lecture estim\u00e9e":"2 minutes"},"schema":{"@context":"https:\/\/schema.org","@graph":[{"@type":"Article","@id":"https:\/\/maguen-avraham.org\/index.php\/2025\/09\/14\/roch-hachana-5786\/#article","isPartOf":{"@id":"https:\/\/maguen-avraham.org\/index.php\/2025\/09\/14\/roch-hachana-5786\/"},"author":{"name":"Synagogue Maguen Avraham","@id":"https:\/\/maguen-avraham.org\/#\/schema\/person\/7838d4bb1890735e71cb0a17970b9f4a"},"headline":"Roch HaChana 5786","datePublished":"2025-09-14T20:09:50+00:00","dateModified":"2025-09-24T20:46:49+00:00","mainEntityOfPage":{"@id":"https:\/\/maguen-avraham.org\/index.php\/2025\/09\/14\/roch-hachana-5786\/"},"wordCount":305,"commentCount":0,"publisher":{"@id":"https:\/\/maguen-avraham.org\/#organization"},"image":{"@id":"https:\/\/maguen-avraham.org\/index.php\/2025\/09\/14\/roch-hachana-5786\/#primaryimage"},"thumbnailUrl":"https:\/\/maguen-avraham.org\/wp-content\/uploads\/2023\/09\/ACJBB-CCJB-92-Teva-Roch-HaChana-600.jpg","articleSection":["Roch Hachana"],"inLanguage":"fr-FR","potentialAction":[{"@type":"CommentAction","name":"Comment","target":["https:\/\/maguen-avraham.org\/index.php\/2025\/09\/14\/roch-hachana-5786\/#respond"]}]},{"@type":"WebPage","@id":"https:\/\/maguen-avraham.org\/index.php\/2025\/09\/14\/roch-hachana-5786\/","url":"https:\/\/maguen-avraham.org\/index.php\/2025\/09\/14\/roch-hachana-5786\/","name":"Roch HaChana 5786 - Synagogue Maguen Avraham","isPartOf":{"@id":"https:\/\/maguen-avraham.org\/#website"},"primaryImageOfPage":{"@id":"https:\/\/maguen-avraham.org\/index.php\/2025\/09\/14\/roch-hachana-5786\/#primaryimage"},"image":{"@id":"https:\/\/maguen-avraham.org\/index.php\/2025\/09\/14\/roch-hachana-5786\/#primaryimage"},"thumbnailUrl":"https:\/\/maguen-avraham.org\/wp-content\/uploads\/2023\/09\/ACJBB-CCJB-92-Teva-Roch-HaChana-600.jpg","datePublished":"2025-09-14T20:09:50+00:00","dateModified":"2025-09-24T20:46:49+00:00","breadcrumb":{"@id":"https:\/\/maguen-avraham.org\/index.php\/2025\/09\/14\/roch-hachana-5786\/#breadcrumb"},"inLanguage":"fr-FR","potentialAction":[{"@type":"ReadAction","target":["https:\/\/maguen-avraham.org\/index.php\/2025\/09\/14\/roch-hachana-5786\/"]}]},{"@type":"ImageObject","inLanguage":"fr-FR","@id":"https:\/\/maguen-avraham.org\/index.php\/2025\/09\/14\/roch-hachana-5786\/#primaryimage","url":"https:\/\/maguen-avraham.org\/wp-content\/uploads\/2023\/09\/ACJBB-CCJB-92-Teva-Roch-HaChana-600.jpg","contentUrl":"https:\/\/maguen-avraham.org\/wp-content\/uploads\/2023\/09\/ACJBB-CCJB-92-Teva-Roch-HaChana-600.jpg","width":600,"height":284},{"@type":"BreadcrumbList","@id":"https:\/\/maguen-avraham.org\/index.php\/2025\/09\/14\/roch-hachana-5786\/#breadcrumb","itemListElement":[{"@type":"ListItem","position":1,"name":"Accueil","item":"https:\/\/maguen-avraham.org\/"},{"@type":"ListItem","position":2,"name":"Roch HaChana 5786"}]},{"@type":"WebSite","@id":"https:\/\/maguen-avraham.org\/#website","url":"https:\/\/maguen-avraham.org\/","name":"Synagogue Maguen Avraham","description":"La Synagogue Maguen Avraham du Centre Culturel juif de Boulogne","publisher":{"@id":"https:\/\/maguen-avraham.org\/#organization"},"potentialAction":[{"@type":"SearchAction","target":{"@type":"EntryPoint","urlTemplate":"https:\/\/maguen-avraham.org\/?s={search_term_string}"},"query-input":{"@type":"PropertyValueSpecification","valueRequired":true,"valueName":"search_term_string"}}],"inLanguage":"fr-FR"},{"@type":"Organization","@id":"https:\/\/maguen-avraham.org\/#organization","name":"Synagogue Maguen Avraham","url":"https:\/\/maguen-avraham.org\/","logo":{"@type":"ImageObject","inLanguage":"fr-FR","@id":"https:\/\/maguen-avraham.org\/#\/schema\/logo\/image\/","url":"https:\/\/maguen-avraham.org\/wp-content\/uploads\/2023\/06\/logo-maguen-avraham.jpg","contentUrl":"https:\/\/maguen-avraham.org\/wp-content\/uploads\/2023\/06\/logo-maguen-avraham.jpg","width":843,"height":843,"caption":"Synagogue Maguen Avraham"},"image":{"@id":"https:\/\/maguen-avraham.org\/#\/schema\/logo\/image\/"},"sameAs":["https:\/\/www.facebook.com\/SynaMaguenAvaham\/","https:\/\/x.com\/maguenavraham"]},{"@type":"Person","@id":"https:\/\/maguen-avraham.org\/#\/schema\/person\/7838d4bb1890735e71cb0a17970b9f4a","name":"Synagogue Maguen Avraham","image":{"@type":"ImageObject","inLanguage":"fr-FR","@id":"https:\/\/maguen-avraham.org\/#\/schema\/person\/image\/","url":"https:\/\/secure.gravatar.com\/avatar\/ea30fe7a8231c8c0bf30066f86006714af7be34ba414543eaab3e453b92901aa?s=96&d=mm&r=g","contentUrl":"https:\/\/secure.gravatar.com\/avatar\/ea30fe7a8231c8c0bf30066f86006714af7be34ba414543eaab3e453b92901aa?s=96&d=mm&r=g","caption":"Synagogue Maguen Avraham"},"sameAs":["http:\/\/maguen-avraham.org","https:\/\/www.facebook.com\/SynaMaguenAvaham","https:\/\/www.instagram.com\/synagogue_maguen_avraham\/","https:\/\/x.com\/maguenavraham"],"url":"https:\/\/maguen-avraham.org\/index.php\/author\/admin_ma\/"}]}},"jetpack_featured_media_url":"https:\/\/maguen-avraham.org\/wp-content\/uploads\/2023\/09\/ACJBB-CCJB-92-Teva-Roch-HaChana-600.jpg","jetpack_sharing_enabled":true,"_links":{"self":[{"href":"https:\/\/maguen-avraham.org\/index.php\/wp-json\/wp\/v2\/posts\/1501","targetHints":{"allow":["GET"]}}],"collection":[{"href":"https:\/\/maguen-avraham.org\/index.php\/wp-json\/wp\/v2\/posts"}],"about":[{"href":"https:\/\/maguen-avraham.org\/index.php\/wp-json\/wp\/v2\/types\/post"}],"author":[{"embeddable":true,"href":"https:\/\/maguen-avraham.org\/index.php\/wp-json\/wp\/v2\/users\/1"}],"replies":[{"embeddable":true,"href":"https:\/\/maguen-avraham.org\/index.php\/wp-json\/wp\/v2\/comments?post=1501"}],"version-history":[{"count":6,"href":"https:\/\/maguen-avraham.org\/index.php\/wp-json\/wp\/v2\/posts\/1501\/revisions"}],"predecessor-version":[{"id":1517,"href":"https:\/\/maguen-avraham.org\/index.php\/wp-json\/wp\/v2\/posts\/1501\/revisions\/1517"}],"wp:featuredmedia":[{"embeddable":true,"href":"https:\/\/maguen-avraham.org\/index.php\/wp-json\/wp\/v2\/media\/279"}],"wp:attachment":[{"href":"https:\/\/maguen-avraham.org\/index.php\/wp-json\/wp\/v2\/media?parent=1501"}],"wp:term":[{"taxonomy":"category","embeddable":true,"href":"https:\/\/maguen-avraham.org\/index.php\/wp-json\/wp\/v2\/categories?post=1501"},{"taxonomy":"post_tag","embeddable":true,"href":"https:\/\/maguen-avraham.org\/index.php\/wp-json\/wp\/v2\/tags?post=1501"}],"curies":[{"name":"wp","href":"https:\/\/api.w.org\/{rel}","templated":true}]}}