{"id":1538,"date":"2025-10-04T23:44:16","date_gmt":"2025-10-04T21:44:16","guid":{"rendered":"https:\/\/maguen-avraham.org\/?p=1538"},"modified":"2025-10-13T12:40:49","modified_gmt":"2025-10-13T10:40:49","slug":"souccot-5786","status":"publish","type":"post","link":"https:\/\/maguen-avraham.org\/index.php\/2025\/10\/04\/souccot-5786\/","title":{"rendered":"Souccot, Ch\u00e9mini Ats\u00e9r\u00e9t, Sim&rsquo;hat Torah 5786"},"content":{"rendered":"\n<h4 class=\"wp-block-heading has-text-align-center\">Souccot \/ \u05e1\u05d5\u05db\u05d5\u05ea<br>6\/8 octobre 2024 &#8211; 15 Tichri 5786 \/ \u05d8&rsquo;\u05d5 \u05ea\u05e9\u05e8\u05d9 \u05ea\u05e9\u05e4&rsquo;\u05d5<br><em>D\u00e9but lundi soir \u00e0 19h00<\/em> &#8211; fin mercredi soir \u00e0 20h01<\/h4>\n\n\n<div class=\"wp-block-image\">\n<figure class=\"aligncenter size-full\"><img loading=\"lazy\" decoding=\"async\" width=\"800\" height=\"379\" src=\"https:\/\/maguen-avraham.org\/wp-content\/uploads\/2023\/09\/ACJBB-CCJB-92-Centre-Culturel-Synagogue-Maguen-Avraham-Souccot-800.png\" alt=\"\" class=\"wp-image-318\" srcset=\"https:\/\/maguen-avraham.org\/wp-content\/uploads\/2023\/09\/ACJBB-CCJB-92-Centre-Culturel-Synagogue-Maguen-Avraham-Souccot-800.png 800w, https:\/\/maguen-avraham.org\/wp-content\/uploads\/2023\/09\/ACJBB-CCJB-92-Centre-Culturel-Synagogue-Maguen-Avraham-Souccot-800-300x142.png 300w, https:\/\/maguen-avraham.org\/wp-content\/uploads\/2023\/09\/ACJBB-CCJB-92-Centre-Culturel-Synagogue-Maguen-Avraham-Souccot-800-768x364.png 768w\" sizes=\"auto, (max-width: 800px) 100vw, 800px\" \/><\/figure>\n<\/div>\n\n\n<h3 class=\"wp-block-heading\"><strong><span style=\"text-decoration: underline;\">Les Horaires :<\/span><\/strong><\/h3>\n\n\n\n<h3 class=\"wp-block-heading has-text-align-center\"><strong><em>veille de Souccot<\/em><\/strong><\/h3>\n\n\n\n<p><strong><em>lundi 6 octobre, soir &#8211; 1er soir de Souccot :<\/em><\/strong><br><strong>18h55<\/strong> : Allumage des bougies et d\u00e9but de la f\u00eate <strong>(heure maximum pour allumer les bougies 19h00)<\/strong><br><strong>Allumer une bougie de 24\/48H pour pouvoir allumer les bougies le 2\u00e8me soir<\/strong><br><strong>18h45<\/strong> : Min&rsquo;ha suivi de Arvit. Suivi d&rsquo;un kiddouch avec Motsi dans la Souccah.<\/p>\n\n\n\n<h3 class=\"wp-block-heading has-text-align-center\"><strong><em>1er jour de Souccot<\/em><\/strong><\/h3>\n\n\n\n<p><strong><em>mardi 7 octobre, matin :<\/em><\/strong><br><strong>09h15<\/strong> : Cha&rsquo;harit. Dvar Torah par le <strong>Rabbin Daniel KNAFO<\/strong> <br>(<em><strong>Fin du Ch\u00e9ma : premi\u00e8re heure 10h01, deuxi\u00e8me heure 10h48<\/strong><\/em>)<br>L&rsquo;office sera suivi d&rsquo;un kiddouch <strong><em>Master Class<\/em><\/strong> par <strong>Julien Traiteur<\/strong> avec motsi dans la Souccah.<\/p>\n\n\n\n<p><strong><em>mardi 7 octobre, apr\u00e8s-midi :<\/em><\/strong><br><strong>18h00<\/strong> : Cours par le <strong>Rabbin Daniel KNAFO<\/strong> <br><strong>18h45<\/strong> : Min&rsquo;ha <br><strong>19h16<\/strong> : Shquiya \/ \u05e9\u05e7\u05e2\u05ea \u05d4\u05d7\u05de\u05d4<\/p>\n\n\n\n<p><strong><em>mardi 7 octobre, soir &#8211; 2\u00e8me soir de Souccot :<\/em><\/strong><br><strong>19h10<\/strong> : Arvit. Suivi d&rsquo;un kiddouch avec Motsi dans la Souccah.<br><strong>20h01<\/strong> : Allumage des bougies du 2\u00e8me jour de Souccot, <strong>\u00e0 partir d\u2019une flamme existante (allum\u00e9e avant la f\u00eate ou d&rsquo;une bougie d\u00e9j\u00e0 allum\u00e9e)<\/strong>. <strong>Allumer une bougie de 24\/48H pour pouvoir allumer les bougies de Chabbat<\/strong><\/p>\n\n\n\n<h3 class=\"wp-block-heading has-text-align-center\"><strong><em>2\u00e8me jour de Souccot<\/em><\/strong><\/h3>\n\n\n\n<p><strong><em>mercredi 8 octobre, matin :<\/em><\/strong><br><strong>09h15<\/strong> : Cha&rsquo;harit. Dvar Torah par le <strong>Rabbin Daniel KNAFO<\/strong><br>(<em><strong>Fin du Ch\u00e9ma : premi\u00e8re heure 10h02, deuxi\u00e8me heure 10h49<\/strong><\/em>)<br>L&rsquo;office sera suivi d&rsquo;un kiddouch communautaire avec motsi dans la Souccah.<\/p>\n\n\n\n<p><strong>mercre<em>di 8 octobre, apr\u00e8s-midi :<\/em><\/strong> <br><strong>18h00<\/strong> : Cours par le <strong>Rabbin Daniel KNAFO<\/strong> <br><strong>18h45<\/strong> : Min&rsquo;ha<br><strong>19h14<\/strong> : Shquiya \/ \u05e9\u05e7\u05e2\u05ea \u05d4\u05d7\u05de\u05d4 <br><strong>20h01<\/strong> : Fin de Yom Tov, Arvit et Havdala, sans feu ni aromates<\/p>\n\n\n\n<h3 class=\"wp-block-heading has-text-align-center\"><em><strong>\u2018Hol haMo\u00e9d \/ \u05d7\u05d5\u05dc \u05d4\u05de\u05d5\u05e2\u05d3<\/strong><\/em><\/h3>\n\n\n\n<p><strong><em>jeudi 9 octobre &#8211; 1er jour de &lsquo;Hol HaMoed :<\/em><\/strong> <br><strong>07h00<\/strong> : Cha&rsquo;harit<br><strong>18h45<\/strong> : Min&rsquo;ha suivi de Arvit<\/p>\n\n\n\n<p><strong><em>vendredi 10 octobre &#8211; 2\u00e8me jour de &lsquo;Hol HaMoed :<\/em><\/strong> <br><strong>07h00<\/strong> : Cha&rsquo;harit<br><\/p>\n\n\n\n<h3 class=\"wp-block-heading has-text-align-center\"><strong><em>veille de Chabbat<\/em><\/strong><\/h3>\n\n\n\n<p><strong><em>vendredi 10 octobre, soir :<\/em><\/strong> <br><strong>18h50<\/strong> : Allumage des bougies et entr\u00e9e de Chabbat. <strong>(heure maximum pour allumer les bougies 18h52)<\/strong><br><strong>18h45<\/strong> : Min&rsquo;ha, suivi de Arvit de Chabbat. Suivi d&rsquo;un kiddouch avec Motsi dans la Souccah.<\/p>\n\n\n\n<h3 class=\"wp-block-heading has-text-align-center\"><em><strong>Chabbat &lsquo;Hol HaMoed Souccot \/ \u05e9\u05d1\u05ea \u05d7\u05d5\u05dc \u05d4\u05de\u05d5\u05e2\u05d3 \u05e1\u05d5\u05db\u05d5\u05ea<\/strong><\/em><br><strong><em>10\/11 octobre 2025 &#8211; 19 Tichri 5786 \/ \u05d9&rsquo;\u05d8 \u05ea\u05e9\u05e8\u05d9 \u05ea\u05e9\u05e4&rsquo;\u05d5<\/em><\/strong><em><strong><br>D\u00e9but vendredi soir \u00e0 18h52 \u2013 Fin samedi soir \u00e0 19h56<\/strong><\/em><\/h3>\n\n\n\n<p id=\"block-1db07c41-5916-4969-9268-a280dce3737e\"><strong><em>samedi 11 octobre, matin :<\/em><\/strong><br><strong>09h15<\/strong> : Cha\u2019harit <br>Dvar Torah par le <strong>Rabbin Daniel KNAFO<\/strong>.<br>(<em><strong>Fin du Ch\u00e9ma : premi\u00e8re heure 10h04, deuxi\u00e8me heure 10h51<\/strong><\/em>)<br>L&rsquo;office sera suivi d&rsquo;un kiddouch avec motsi dans la Souccah.<\/p>\n\n\n\n<p id=\"block-24f8e37b-107d-4875-a7df-2efe9800d16c\"><em><strong>samedi 11 octobre, apr\u00e8s-midi :<\/strong><\/em><br><strong>17h30<\/strong> : Cours par le <strong>Rabbin Daniel KNAFO<\/strong>.<br><strong>18h05<\/strong> : Lecture collective des T\u00e9hilim \u2013 Alpha\/Beta<br><strong>18h20<\/strong> : Min\u2019ha, suivi de la s\u00e9ouda ch\u00e9lichit offerte par <strong>Corinne et Jean Battino<\/strong> l\u00e9ilouy nichmat <strong>Paula Yakouta bat Rosette<\/strong> (\u05d6\u05f4\u05dc) et par <strong>Daniele et Marcel NANICHE<\/strong> l\u00e9ilouy nichmat <strong>D\u00e9borah Rivka Karen bat Rachela Daniele<\/strong> (\u05d6\u05f4\u05dc).<br>Dvar Torah par le <strong>Rabbin Daniel KNAFO<\/strong>.<br><strong>19h08<\/strong> : Shquiya \/ \u05e9\u05e7\u05e2\u05ea \u05d4\u05d7\u05de\u05d4<\/p>\n\n\n\n<p id=\"block-e439bacb-5532-43b3-a66c-07b92a781a24\"><strong><em>samedi 11 octobre, soir :<\/em><\/strong><br><strong>19h56<\/strong> : Fin de Chabbat, Arvit et Havdala<\/p>\n\n\n\n<hr class=\"wp-block-separator has-alpha-channel-opacity\"\/>\n\n\n\n<h3 class=\"wp-block-heading has-text-align-center\"><strong><em>\u2018Hol haMo\u00e9d \/ \u05d7\u05d5\u05dc \u05d4\u05de\u05d5\u05e2\u05d3<br>Hochaana Raba \/ \u05d4\u05d5\u05e9\u05e2\u05e0\u05d0 \u05e8\u05d1\u05d4<\/em><\/strong><\/h3>\n\n\n\n<p><strong><em>dimanche 12 octobre &#8211; 3\u00e8me jour de &lsquo;Hol HaMoed :<\/em><\/strong> <br><strong>08h00<\/strong> : Cha&rsquo;harit<br><strong>18h50<\/strong> : Min&rsquo;ha suivi de Arvit<\/p>\n\n\n\n<p><strong><em>lundi 13 octobre &#8211; Hochaana Raba :<\/em><\/strong> <br><strong>07h00<\/strong> : Cha&rsquo;harit<\/p>\n\n\n\n<hr class=\"wp-block-separator has-alpha-channel-opacity\"\/>\n\n\n\n<h3 class=\"wp-block-heading has-text-align-center\"><em><strong>Ch\u00e9mini Ats\u00e9r\u00e8t \/ \u05e9\u05de\u05d9\u05e0\u05d9 \u05e2\u05e6\u05e8\u05ea<br>Sim\u2019hat Torah \/ \u05e9\u05de\u05d7\u05ea \u05ea\u05d5\u05e8\u05d4<br>D\u00e9but lundi soir \u00e0 18h46 \u2013 Fin mercredi soir \u00e0 19h56<\/strong><\/em><\/h3>\n\n\n\n<h3 class=\"wp-block-heading has-text-align-center\"><strong><em>veille de Ch\u00e9mini Ats\u00e9r\u00e9t<\/em><\/strong><\/h3>\n\n\n\n<p><strong><em>lundi 13 octobre, soir &#8211; Ch\u00e9mini Ats\u00e9ret :<\/em><\/strong><br><strong>18h45<\/strong> : Min&rsquo;ha<br><strong>18h45<\/strong> : Allumage des bougies et d\u00e9but de la f\u00eate <strong>(heure maximum pour allumer les bougies 18h46)<\/strong><br><strong>Allumer une bougie de 24\/48H pour pouvoir allumer les bougies le 2\u00e8me soir<\/strong><br><strong>18h45<\/strong> : Arvit. Suivi d&rsquo;un kiddouch avec Motsi dans la Souccah.<\/p>\n\n\n\n<h3 class=\"wp-block-heading has-text-align-center\"><strong><em>Ch\u00e9mini Ats\u00e9r\u00e9t<\/em><\/strong><\/h3>\n\n\n\n<p><strong><em>mardi 14 octobre, matin :<\/em><\/strong><br><strong>09h15<\/strong> : Cha&rsquo;harit. (avec Tikoun haGu\u00e9sh\u00e8m, la pri\u00e8re pour la pluie)<br>Dvar Torah par le <strong>Rabbin Daniel KNAFO<\/strong><br><strong>11h15<\/strong> : Yzkor<br>L&rsquo;office sera suivi d&rsquo;un kiddouch communautaire avec motsi dans la Souccah.<\/p>\n\n\n\n<p><strong><em>mardi 14 octobre, apr\u00e8s-midi :<\/em><\/strong><br><strong>18h30<\/strong> : Min&rsquo;ha <br><strong>19h02<\/strong> : Shquiya \/ \u05e9\u05e7\u05e2\u05ea \u05d4\u05d7\u05de\u05d4<\/p>\n\n\n\n<h3 class=\"wp-block-heading has-text-align-center\"><strong><em>veille de Sim&rsquo;hat Torah<\/em><\/strong><\/h3>\n\n\n\n<p><strong><em>mardi 14 octobre, soir :<\/em><\/strong><br><strong>19h00<\/strong> : Arvit. suivi des Hakafoth de Sim&rsquo;hat Torah avec les S\u00e9pharim<br><strong>19h47<\/strong> : Allumage des bougies du 2\u00e8me jour, <strong>\u00e0 partir d\u2019une flamme existante (allum\u00e9e avant la f\u00eate ou d&rsquo;une bougie d\u00e9j\u00e0 allum\u00e9e)<\/strong>. <\/p>\n\n\n\n<h3 class=\"wp-block-heading has-text-align-center\"><strong><em>Sim&rsquo;hat Torah<\/em><\/strong><\/h3>\n\n\n\n<p><strong><em>mercredi 15 octobre, matin :<\/em><\/strong><br><strong>09h15<\/strong> : Cha&rsquo;harit. Dvar Torah par le <strong>Rabbin Daniel KNAFO<\/strong><br>L&rsquo;office sera suivi d&rsquo;un kiddouch offert en l&rsquo;honneur de nos Hatanims.<\/p>\n\n\n\n<ul class=\"wp-block-list\">\n<li>Hatan Torah : <\/li>\n\n\n\n<li>Hatan B\u00e9r\u00e9chit : <\/li>\n\n\n\n<li>Hatan M\u00e9ona : <\/li>\n\n\n\n<li>Hatan Haftara : <\/li>\n<\/ul>\n\n\n\n<p><strong><em>mercredi 15 octobre, apr\u00e8s-midi :<\/em><\/strong> <br><strong>18h30<\/strong> : Min&rsquo;ha<br><strong>19h00<\/strong> : Shquiya \/ \u05e9\u05e7\u05e2\u05ea \u05d4\u05d7\u05de\u05d4<\/p>\n\n\n\n<p id=\"block-e439bacb-5532-43b3-a66c-07b92a781a24\"><strong><em>mercredi 15 octobre, soir :<\/em><\/strong><br><strong>19h48<\/strong> : Fin de Yom Tov, Arvit et Havdala, sans feu ni aromate<\/p>\n\n\n\n<p><strong>&lsquo;Hag Sam\u00e9a&rsquo;h !<\/strong><\/p>\n\n\n\n<p><\/p>\n","protected":false},"excerpt":{"rendered":"<p>Souccot \/ \u05e1\u05d5\u05db\u05d5\u05ea6\/8 octobre 2024 &#8211; 15 Tichri 5786 \/ \u05d8&rsquo;\u05d5 \u05ea\u05e9\u05e8\u05d9 \u05ea\u05e9\u05e4&rsquo;\u05d5D\u00e9but lundi soir \u00e0 19h00 &#8211; fin mercredi soir \u00e0 20h01 Les Horaires : veille de Souccot lundi 6 octobre, soir &#8211; 1er soir de Souccot :18h55 : Allumage des bougies et d\u00e9but de la f\u00eate (heure maximum [&hellip;]<\/p>\n","protected":false},"author":1,"featured_media":317,"comment_status":"open","ping_status":"open","sticky":false,"template":"","format":"standard","meta":{"om_disable_all_campaigns":false,"_monsterinsights_skip_tracking":false,"_monsterinsights_sitenote_active":false,"_monsterinsights_sitenote_note":"","_monsterinsights_sitenote_category":0,"_uf_show_specific_survey":0,"_uf_disable_surveys":false,"_jetpack_memberships_contains_paid_content":false,"footnotes":""},"categories":[11,10],"tags":[],"class_list":["post-1538","post","type-post","status-publish","format-standard","has-post-thumbnail","hentry","category-les-3-fetes-chaloch-regalim","category-souccot"],"aioseo_notices":[],"yoast_head":"<!-- This site is optimized with the Yoast SEO plugin v27.5 - https:\/\/yoast.com\/product\/yoast-seo-wordpress\/ -->\n<title>Souccot, Ch\u00e9mini Ats\u00e9r\u00e9t, Sim&#039;hat Torah 5786 - Synagogue Maguen Avraham<\/title>\n<meta name=\"robots\" content=\"index, follow, max-snippet:-1, max-image-preview:large, max-video-preview:-1\" \/>\n<link rel=\"canonical\" href=\"https:\/\/maguen-avraham.org\/index.php\/2025\/10\/04\/souccot-5786\/\" \/>\n<meta property=\"og:locale\" content=\"fr_FR\" \/>\n<meta property=\"og:type\" content=\"article\" \/>\n<meta property=\"og:title\" content=\"Souccot, Ch\u00e9mini Ats\u00e9r\u00e9t, Sim&#039;hat Torah 5786 - Synagogue Maguen Avraham\" \/>\n<meta property=\"og:description\" content=\"Souccot \/ \u05e1\u05d5\u05db\u05d5\u05ea6\/8 octobre 2024 &#8211; 15 Tichri 5786 \/ \u05d8&rsquo;\u05d5 \u05ea\u05e9\u05e8\u05d9 \u05ea\u05e9\u05e4&rsquo;\u05d5D\u00e9but lundi soir \u00e0 19h00 &#8211; fin mercredi soir \u00e0 20h01 Les Horaires : veille de Souccot lundi 6 octobre, soir &#8211; 1er soir de Souccot :18h55 : Allumage des bougies et d\u00e9but de la f\u00eate (heure maximum [&hellip;]\" \/>\n<meta property=\"og:url\" content=\"https:\/\/maguen-avraham.org\/index.php\/2025\/10\/04\/souccot-5786\/\" \/>\n<meta property=\"og:site_name\" content=\"Synagogue Maguen Avraham\" \/>\n<meta property=\"article:publisher\" content=\"https:\/\/www.facebook.com\/SynaMaguenAvaham\/\" \/>\n<meta property=\"article:author\" content=\"https:\/\/www.facebook.com\/SynaMaguenAvaham\" \/>\n<meta property=\"article:published_time\" content=\"2025-10-04T21:44:16+00:00\" \/>\n<meta property=\"article:modified_time\" content=\"2025-10-13T10:40:49+00:00\" \/>\n<meta property=\"og:image\" content=\"https:\/\/maguen-avraham.org\/wp-content\/uploads\/2023\/09\/ACJBB-CCJB-92-Centre-Culturel-Synagogue-Maguen-Avraham-Souccot-600.png\" \/>\n\t<meta property=\"og:image:width\" content=\"600\" \/>\n\t<meta property=\"og:image:height\" content=\"284\" \/>\n\t<meta property=\"og:image:type\" content=\"image\/png\" \/>\n<meta name=\"author\" content=\"Synagogue Maguen Avraham\" \/>\n<meta name=\"twitter:card\" content=\"summary_large_image\" \/>\n<meta name=\"twitter:creator\" content=\"@maguenavraham\" \/>\n<meta name=\"twitter:site\" content=\"@maguenavraham\" \/>\n<meta name=\"twitter:label1\" content=\"\u00c9crit par\" \/>\n\t<meta name=\"twitter:data1\" content=\"Synagogue Maguen Avraham\" \/>\n\t<meta name=\"twitter:label2\" content=\"Dur\u00e9e de lecture estim\u00e9e\" \/>\n\t<meta name=\"twitter:data2\" content=\"4 minutes\" \/>\n<script type=\"application\/ld+json\" class=\"yoast-schema-graph\">{\"@context\":\"https:\\\/\\\/schema.org\",\"@graph\":[{\"@type\":\"Article\",\"@id\":\"https:\\\/\\\/maguen-avraham.org\\\/index.php\\\/2025\\\/10\\\/04\\\/souccot-5786\\\/#article\",\"isPartOf\":{\"@id\":\"https:\\\/\\\/maguen-avraham.org\\\/index.php\\\/2025\\\/10\\\/04\\\/souccot-5786\\\/\"},\"author\":{\"name\":\"Synagogue Maguen Avraham\",\"@id\":\"https:\\\/\\\/maguen-avraham.org\\\/#\\\/schema\\\/person\\\/7838d4bb1890735e71cb0a17970b9f4a\"},\"headline\":\"Souccot, Ch\u00e9mini Ats\u00e9r\u00e9t, Sim&rsquo;hat Torah 5786\",\"datePublished\":\"2025-10-04T21:44:16+00:00\",\"dateModified\":\"2025-10-13T10:40:49+00:00\",\"mainEntityOfPage\":{\"@id\":\"https:\\\/\\\/maguen-avraham.org\\\/index.php\\\/2025\\\/10\\\/04\\\/souccot-5786\\\/\"},\"wordCount\":748,\"commentCount\":0,\"publisher\":{\"@id\":\"https:\\\/\\\/maguen-avraham.org\\\/#organization\"},\"image\":{\"@id\":\"https:\\\/\\\/maguen-avraham.org\\\/index.php\\\/2025\\\/10\\\/04\\\/souccot-5786\\\/#primaryimage\"},\"thumbnailUrl\":\"https:\\\/\\\/maguen-avraham.org\\\/wp-content\\\/uploads\\\/2023\\\/09\\\/ACJBB-CCJB-92-Centre-Culturel-Synagogue-Maguen-Avraham-Souccot-600.png\",\"articleSection\":[\"Les 3 f\u00eates - Chaloch R\u00e9galim\",\"Souccot\"],\"inLanguage\":\"fr-FR\",\"potentialAction\":[{\"@type\":\"CommentAction\",\"name\":\"Comment\",\"target\":[\"https:\\\/\\\/maguen-avraham.org\\\/index.php\\\/2025\\\/10\\\/04\\\/souccot-5786\\\/#respond\"]}]},{\"@type\":\"WebPage\",\"@id\":\"https:\\\/\\\/maguen-avraham.org\\\/index.php\\\/2025\\\/10\\\/04\\\/souccot-5786\\\/\",\"url\":\"https:\\\/\\\/maguen-avraham.org\\\/index.php\\\/2025\\\/10\\\/04\\\/souccot-5786\\\/\",\"name\":\"Souccot, Ch\u00e9mini Ats\u00e9r\u00e9t, Sim'hat Torah 5786 - Synagogue Maguen Avraham\",\"isPartOf\":{\"@id\":\"https:\\\/\\\/maguen-avraham.org\\\/#website\"},\"primaryImageOfPage\":{\"@id\":\"https:\\\/\\\/maguen-avraham.org\\\/index.php\\\/2025\\\/10\\\/04\\\/souccot-5786\\\/#primaryimage\"},\"image\":{\"@id\":\"https:\\\/\\\/maguen-avraham.org\\\/index.php\\\/2025\\\/10\\\/04\\\/souccot-5786\\\/#primaryimage\"},\"thumbnailUrl\":\"https:\\\/\\\/maguen-avraham.org\\\/wp-content\\\/uploads\\\/2023\\\/09\\\/ACJBB-CCJB-92-Centre-Culturel-Synagogue-Maguen-Avraham-Souccot-600.png\",\"datePublished\":\"2025-10-04T21:44:16+00:00\",\"dateModified\":\"2025-10-13T10:40:49+00:00\",\"breadcrumb\":{\"@id\":\"https:\\\/\\\/maguen-avraham.org\\\/index.php\\\/2025\\\/10\\\/04\\\/souccot-5786\\\/#breadcrumb\"},\"inLanguage\":\"fr-FR\",\"potentialAction\":[{\"@type\":\"ReadAction\",\"target\":[\"https:\\\/\\\/maguen-avraham.org\\\/index.php\\\/2025\\\/10\\\/04\\\/souccot-5786\\\/\"]}]},{\"@type\":\"ImageObject\",\"inLanguage\":\"fr-FR\",\"@id\":\"https:\\\/\\\/maguen-avraham.org\\\/index.php\\\/2025\\\/10\\\/04\\\/souccot-5786\\\/#primaryimage\",\"url\":\"https:\\\/\\\/maguen-avraham.org\\\/wp-content\\\/uploads\\\/2023\\\/09\\\/ACJBB-CCJB-92-Centre-Culturel-Synagogue-Maguen-Avraham-Souccot-600.png\",\"contentUrl\":\"https:\\\/\\\/maguen-avraham.org\\\/wp-content\\\/uploads\\\/2023\\\/09\\\/ACJBB-CCJB-92-Centre-Culturel-Synagogue-Maguen-Avraham-Souccot-600.png\",\"width\":600,\"height\":284},{\"@type\":\"BreadcrumbList\",\"@id\":\"https:\\\/\\\/maguen-avraham.org\\\/index.php\\\/2025\\\/10\\\/04\\\/souccot-5786\\\/#breadcrumb\",\"itemListElement\":[{\"@type\":\"ListItem\",\"position\":1,\"name\":\"Accueil\",\"item\":\"https:\\\/\\\/maguen-avraham.org\\\/\"},{\"@type\":\"ListItem\",\"position\":2,\"name\":\"Souccot, Ch\u00e9mini Ats\u00e9r\u00e9t, Sim&rsquo;hat Torah 5786\"}]},{\"@type\":\"WebSite\",\"@id\":\"https:\\\/\\\/maguen-avraham.org\\\/#website\",\"url\":\"https:\\\/\\\/maguen-avraham.org\\\/\",\"name\":\"Synagogue Maguen Avraham\",\"description\":\"La Synagogue Maguen Avraham du Centre Culturel juif de Boulogne\",\"publisher\":{\"@id\":\"https:\\\/\\\/maguen-avraham.org\\\/#organization\"},\"potentialAction\":[{\"@type\":\"SearchAction\",\"target\":{\"@type\":\"EntryPoint\",\"urlTemplate\":\"https:\\\/\\\/maguen-avraham.org\\\/?s={search_term_string}\"},\"query-input\":{\"@type\":\"PropertyValueSpecification\",\"valueRequired\":true,\"valueName\":\"search_term_string\"}}],\"inLanguage\":\"fr-FR\"},{\"@type\":\"Organization\",\"@id\":\"https:\\\/\\\/maguen-avraham.org\\\/#organization\",\"name\":\"Synagogue Maguen Avraham\",\"url\":\"https:\\\/\\\/maguen-avraham.org\\\/\",\"logo\":{\"@type\":\"ImageObject\",\"inLanguage\":\"fr-FR\",\"@id\":\"https:\\\/\\\/maguen-avraham.org\\\/#\\\/schema\\\/logo\\\/image\\\/\",\"url\":\"https:\\\/\\\/maguen-avraham.org\\\/wp-content\\\/uploads\\\/2023\\\/06\\\/logo-maguen-avraham.jpg\",\"contentUrl\":\"https:\\\/\\\/maguen-avraham.org\\\/wp-content\\\/uploads\\\/2023\\\/06\\\/logo-maguen-avraham.jpg\",\"width\":843,\"height\":843,\"caption\":\"Synagogue Maguen Avraham\"},\"image\":{\"@id\":\"https:\\\/\\\/maguen-avraham.org\\\/#\\\/schema\\\/logo\\\/image\\\/\"},\"sameAs\":[\"https:\\\/\\\/www.facebook.com\\\/SynaMaguenAvaham\\\/\",\"https:\\\/\\\/x.com\\\/maguenavraham\"]},{\"@type\":\"Person\",\"@id\":\"https:\\\/\\\/maguen-avraham.org\\\/#\\\/schema\\\/person\\\/7838d4bb1890735e71cb0a17970b9f4a\",\"name\":\"Synagogue Maguen Avraham\",\"image\":{\"@type\":\"ImageObject\",\"inLanguage\":\"fr-FR\",\"@id\":\"https:\\\/\\\/secure.gravatar.com\\\/avatar\\\/ea30fe7a8231c8c0bf30066f86006714af7be34ba414543eaab3e453b92901aa?s=96&d=mm&r=g\",\"url\":\"https:\\\/\\\/secure.gravatar.com\\\/avatar\\\/ea30fe7a8231c8c0bf30066f86006714af7be34ba414543eaab3e453b92901aa?s=96&d=mm&r=g\",\"contentUrl\":\"https:\\\/\\\/secure.gravatar.com\\\/avatar\\\/ea30fe7a8231c8c0bf30066f86006714af7be34ba414543eaab3e453b92901aa?s=96&d=mm&r=g\",\"caption\":\"Synagogue Maguen Avraham\"},\"sameAs\":[\"http:\\\/\\\/maguen-avraham.org\",\"https:\\\/\\\/www.facebook.com\\\/SynaMaguenAvaham\",\"https:\\\/\\\/www.instagram.com\\\/synagogue_maguen_avraham\\\/\",\"https:\\\/\\\/x.com\\\/maguenavraham\"],\"url\":\"https:\\\/\\\/maguen-avraham.org\\\/index.php\\\/author\\\/admin_ma\\\/\"}]}<\/script>\n<!-- \/ Yoast SEO plugin. -->","yoast_head_json":{"title":"Souccot, Ch\u00e9mini Ats\u00e9r\u00e9t, Sim'hat Torah 5786 - Synagogue Maguen Avraham","robots":{"index":"index","follow":"follow","max-snippet":"max-snippet:-1","max-image-preview":"max-image-preview:large","max-video-preview":"max-video-preview:-1"},"canonical":"https:\/\/maguen-avraham.org\/index.php\/2025\/10\/04\/souccot-5786\/","og_locale":"fr_FR","og_type":"article","og_title":"Souccot, Ch\u00e9mini Ats\u00e9r\u00e9t, Sim'hat Torah 5786 - Synagogue Maguen Avraham","og_description":"Souccot \/ \u05e1\u05d5\u05db\u05d5\u05ea6\/8 octobre 2024 &#8211; 15 Tichri 5786 \/ \u05d8&rsquo;\u05d5 \u05ea\u05e9\u05e8\u05d9 \u05ea\u05e9\u05e4&rsquo;\u05d5D\u00e9but lundi soir \u00e0 19h00 &#8211; fin mercredi soir \u00e0 20h01 Les Horaires : veille de Souccot lundi 6 octobre, soir &#8211; 1er soir de Souccot :18h55 : Allumage des bougies et d\u00e9but de la f\u00eate (heure maximum [&hellip;]","og_url":"https:\/\/maguen-avraham.org\/index.php\/2025\/10\/04\/souccot-5786\/","og_site_name":"Synagogue Maguen Avraham","article_publisher":"https:\/\/www.facebook.com\/SynaMaguenAvaham\/","article_author":"https:\/\/www.facebook.com\/SynaMaguenAvaham","article_published_time":"2025-10-04T21:44:16+00:00","article_modified_time":"2025-10-13T10:40:49+00:00","og_image":[{"width":600,"height":284,"url":"https:\/\/maguen-avraham.org\/wp-content\/uploads\/2023\/09\/ACJBB-CCJB-92-Centre-Culturel-Synagogue-Maguen-Avraham-Souccot-600.png","type":"image\/png"}],"author":"Synagogue Maguen Avraham","twitter_card":"summary_large_image","twitter_creator":"@maguenavraham","twitter_site":"@maguenavraham","twitter_misc":{"\u00c9crit par":"Synagogue Maguen Avraham","Dur\u00e9e de lecture estim\u00e9e":"4 minutes"},"schema":{"@context":"https:\/\/schema.org","@graph":[{"@type":"Article","@id":"https:\/\/maguen-avraham.org\/index.php\/2025\/10\/04\/souccot-5786\/#article","isPartOf":{"@id":"https:\/\/maguen-avraham.org\/index.php\/2025\/10\/04\/souccot-5786\/"},"author":{"name":"Synagogue Maguen Avraham","@id":"https:\/\/maguen-avraham.org\/#\/schema\/person\/7838d4bb1890735e71cb0a17970b9f4a"},"headline":"Souccot, Ch\u00e9mini Ats\u00e9r\u00e9t, Sim&rsquo;hat Torah 5786","datePublished":"2025-10-04T21:44:16+00:00","dateModified":"2025-10-13T10:40:49+00:00","mainEntityOfPage":{"@id":"https:\/\/maguen-avraham.org\/index.php\/2025\/10\/04\/souccot-5786\/"},"wordCount":748,"commentCount":0,"publisher":{"@id":"https:\/\/maguen-avraham.org\/#organization"},"image":{"@id":"https:\/\/maguen-avraham.org\/index.php\/2025\/10\/04\/souccot-5786\/#primaryimage"},"thumbnailUrl":"https:\/\/maguen-avraham.org\/wp-content\/uploads\/2023\/09\/ACJBB-CCJB-92-Centre-Culturel-Synagogue-Maguen-Avraham-Souccot-600.png","articleSection":["Les 3 f\u00eates - Chaloch R\u00e9galim","Souccot"],"inLanguage":"fr-FR","potentialAction":[{"@type":"CommentAction","name":"Comment","target":["https:\/\/maguen-avraham.org\/index.php\/2025\/10\/04\/souccot-5786\/#respond"]}]},{"@type":"WebPage","@id":"https:\/\/maguen-avraham.org\/index.php\/2025\/10\/04\/souccot-5786\/","url":"https:\/\/maguen-avraham.org\/index.php\/2025\/10\/04\/souccot-5786\/","name":"Souccot, Ch\u00e9mini Ats\u00e9r\u00e9t, Sim'hat Torah 5786 - Synagogue Maguen Avraham","isPartOf":{"@id":"https:\/\/maguen-avraham.org\/#website"},"primaryImageOfPage":{"@id":"https:\/\/maguen-avraham.org\/index.php\/2025\/10\/04\/souccot-5786\/#primaryimage"},"image":{"@id":"https:\/\/maguen-avraham.org\/index.php\/2025\/10\/04\/souccot-5786\/#primaryimage"},"thumbnailUrl":"https:\/\/maguen-avraham.org\/wp-content\/uploads\/2023\/09\/ACJBB-CCJB-92-Centre-Culturel-Synagogue-Maguen-Avraham-Souccot-600.png","datePublished":"2025-10-04T21:44:16+00:00","dateModified":"2025-10-13T10:40:49+00:00","breadcrumb":{"@id":"https:\/\/maguen-avraham.org\/index.php\/2025\/10\/04\/souccot-5786\/#breadcrumb"},"inLanguage":"fr-FR","potentialAction":[{"@type":"ReadAction","target":["https:\/\/maguen-avraham.org\/index.php\/2025\/10\/04\/souccot-5786\/"]}]},{"@type":"ImageObject","inLanguage":"fr-FR","@id":"https:\/\/maguen-avraham.org\/index.php\/2025\/10\/04\/souccot-5786\/#primaryimage","url":"https:\/\/maguen-avraham.org\/wp-content\/uploads\/2023\/09\/ACJBB-CCJB-92-Centre-Culturel-Synagogue-Maguen-Avraham-Souccot-600.png","contentUrl":"https:\/\/maguen-avraham.org\/wp-content\/uploads\/2023\/09\/ACJBB-CCJB-92-Centre-Culturel-Synagogue-Maguen-Avraham-Souccot-600.png","width":600,"height":284},{"@type":"BreadcrumbList","@id":"https:\/\/maguen-avraham.org\/index.php\/2025\/10\/04\/souccot-5786\/#breadcrumb","itemListElement":[{"@type":"ListItem","position":1,"name":"Accueil","item":"https:\/\/maguen-avraham.org\/"},{"@type":"ListItem","position":2,"name":"Souccot, Ch\u00e9mini Ats\u00e9r\u00e9t, Sim&rsquo;hat Torah 5786"}]},{"@type":"WebSite","@id":"https:\/\/maguen-avraham.org\/#website","url":"https:\/\/maguen-avraham.org\/","name":"Synagogue Maguen Avraham","description":"La Synagogue Maguen Avraham du Centre Culturel juif de Boulogne","publisher":{"@id":"https:\/\/maguen-avraham.org\/#organization"},"potentialAction":[{"@type":"SearchAction","target":{"@type":"EntryPoint","urlTemplate":"https:\/\/maguen-avraham.org\/?s={search_term_string}"},"query-input":{"@type":"PropertyValueSpecification","valueRequired":true,"valueName":"search_term_string"}}],"inLanguage":"fr-FR"},{"@type":"Organization","@id":"https:\/\/maguen-avraham.org\/#organization","name":"Synagogue Maguen Avraham","url":"https:\/\/maguen-avraham.org\/","logo":{"@type":"ImageObject","inLanguage":"fr-FR","@id":"https:\/\/maguen-avraham.org\/#\/schema\/logo\/image\/","url":"https:\/\/maguen-avraham.org\/wp-content\/uploads\/2023\/06\/logo-maguen-avraham.jpg","contentUrl":"https:\/\/maguen-avraham.org\/wp-content\/uploads\/2023\/06\/logo-maguen-avraham.jpg","width":843,"height":843,"caption":"Synagogue Maguen Avraham"},"image":{"@id":"https:\/\/maguen-avraham.org\/#\/schema\/logo\/image\/"},"sameAs":["https:\/\/www.facebook.com\/SynaMaguenAvaham\/","https:\/\/x.com\/maguenavraham"]},{"@type":"Person","@id":"https:\/\/maguen-avraham.org\/#\/schema\/person\/7838d4bb1890735e71cb0a17970b9f4a","name":"Synagogue Maguen Avraham","image":{"@type":"ImageObject","inLanguage":"fr-FR","@id":"https:\/\/secure.gravatar.com\/avatar\/ea30fe7a8231c8c0bf30066f86006714af7be34ba414543eaab3e453b92901aa?s=96&d=mm&r=g","url":"https:\/\/secure.gravatar.com\/avatar\/ea30fe7a8231c8c0bf30066f86006714af7be34ba414543eaab3e453b92901aa?s=96&d=mm&r=g","contentUrl":"https:\/\/secure.gravatar.com\/avatar\/ea30fe7a8231c8c0bf30066f86006714af7be34ba414543eaab3e453b92901aa?s=96&d=mm&r=g","caption":"Synagogue Maguen Avraham"},"sameAs":["http:\/\/maguen-avraham.org","https:\/\/www.facebook.com\/SynaMaguenAvaham","https:\/\/www.instagram.com\/synagogue_maguen_avraham\/","https:\/\/x.com\/maguenavraham"],"url":"https:\/\/maguen-avraham.org\/index.php\/author\/admin_ma\/"}]}},"jetpack_featured_media_url":"https:\/\/maguen-avraham.org\/wp-content\/uploads\/2023\/09\/ACJBB-CCJB-92-Centre-Culturel-Synagogue-Maguen-Avraham-Souccot-600.png","jetpack_sharing_enabled":true,"_links":{"self":[{"href":"https:\/\/maguen-avraham.org\/index.php\/wp-json\/wp\/v2\/posts\/1538","targetHints":{"allow":["GET"]}}],"collection":[{"href":"https:\/\/maguen-avraham.org\/index.php\/wp-json\/wp\/v2\/posts"}],"about":[{"href":"https:\/\/maguen-avraham.org\/index.php\/wp-json\/wp\/v2\/types\/post"}],"author":[{"embeddable":true,"href":"https:\/\/maguen-avraham.org\/index.php\/wp-json\/wp\/v2\/users\/1"}],"replies":[{"embeddable":true,"href":"https:\/\/maguen-avraham.org\/index.php\/wp-json\/wp\/v2\/comments?post=1538"}],"version-history":[{"count":23,"href":"https:\/\/maguen-avraham.org\/index.php\/wp-json\/wp\/v2\/posts\/1538\/revisions"}],"predecessor-version":[{"id":1570,"href":"https:\/\/maguen-avraham.org\/index.php\/wp-json\/wp\/v2\/posts\/1538\/revisions\/1570"}],"wp:featuredmedia":[{"embeddable":true,"href":"https:\/\/maguen-avraham.org\/index.php\/wp-json\/wp\/v2\/media\/317"}],"wp:attachment":[{"href":"https:\/\/maguen-avraham.org\/index.php\/wp-json\/wp\/v2\/media?parent=1538"}],"wp:term":[{"taxonomy":"category","embeddable":true,"href":"https:\/\/maguen-avraham.org\/index.php\/wp-json\/wp\/v2\/categories?post=1538"},{"taxonomy":"post_tag","embeddable":true,"href":"https:\/\/maguen-avraham.org\/index.php\/wp-json\/wp\/v2\/tags?post=1538"}],"curies":[{"name":"wp","href":"https:\/\/api.w.org\/{rel}","templated":true}]}}