{"id":183,"date":"2023-07-25T23:47:09","date_gmt":"2023-07-25T21:47:09","guid":{"rendered":"https:\/\/maguen-avraham.org\/?p=183"},"modified":"2023-07-26T20:01:56","modified_gmt":"2023-07-26T18:01:56","slug":"paracha-vaethanan-5783-chabbat-nahamou","status":"publish","type":"post","link":"https:\/\/maguen-avraham.org\/index.php\/2023\/07\/25\/paracha-vaethanan-5783-chabbat-nahamou\/","title":{"rendered":"Paracha Va\u00e9t&rsquo;hanan &#8211; Chabbat Na&rsquo;hamou"},"content":{"rendered":"\n<h4 class=\"wp-block-heading has-text-align-center\">Paracha Va\u00e9t&rsquo;hanan \/ \u05e4\u05e8\u05e9\u05d4 \u05d5\u05d0\u05ea\u05d7\u05e0\u05df<br>Chabbat Na&rsquo;hamou \/ \u05e9\u05d1\u05ea \u05e0\u05d7\u05de\u05d5 <br>28\/29 juillet 2023 &#8211; 11 Av 5783 \/ \u05d9&rsquo;\u05d0 \u05d0\u05d1 \u05ea\u05e9\u05e4&rsquo;\u05d2<br><em>D\u00e9but vendredi soir \u00e0 21h17 &#8211; Fin samedi soir \u00e0 22h32<\/em><\/h4>\n\n\n\n<figure class=\"wp-block-image size-full\" id=\"block-8a6034f0-aee5-4f9f-a903-df67bb8f2ad7\"><img loading=\"lazy\" decoding=\"async\" width=\"800\" height=\"379\" src=\"https:\/\/maguen-avraham.org\/wp-content\/uploads\/2023\/07\/CCJ-92-Synagogue-Maguen-Avraham-Heikhal-new-full-800.jpg\" alt=\"\" class=\"wp-image-187\" srcset=\"https:\/\/maguen-avraham.org\/wp-content\/uploads\/2023\/07\/CCJ-92-Synagogue-Maguen-Avraham-Heikhal-new-full-800.jpg 800w, https:\/\/maguen-avraham.org\/wp-content\/uploads\/2023\/07\/CCJ-92-Synagogue-Maguen-Avraham-Heikhal-new-full-800-300x142.jpg 300w, https:\/\/maguen-avraham.org\/wp-content\/uploads\/2023\/07\/CCJ-92-Synagogue-Maguen-Avraham-Heikhal-new-full-800-768x364.jpg 768w\" sizes=\"auto, (max-width: 800px) 100vw, 800px\" \/><\/figure>\n\n\n\n<h3 class=\"wp-block-heading\" id=\"block-dac9d160-eeb6-4598-94f2-7da33c7defa4\">Les horaires de Chabbat :<\/h3>\n\n\n\n<p id=\"block-69cf136d-ef8d-47f9-ae95-65f953c43bf3\"><em><strong>Vendredi soir :<\/strong><\/em><br><strong>19h00<\/strong> : Chir HaChirim<br><strong>19h15<\/strong> : Min&rsquo;ha<br><strong>19h35<\/strong> : Kabalat Chabbat et Arvit<br><strong>20h00<\/strong> : Allumage des bougies et entr\u00e9e de Chabbat<br>Dvar Torah <\/p>\n\n\n\n<p id=\"block-1db07c41-5916-4969-9268-a280dce3737e\"><strong><em>Samedi matin :<\/em><\/strong><br><strong>09h00<\/strong> : Cha\u2019harit<br>Dvar Torah <br>(<em><strong>Fin du Ch\u00e9ma : premi\u00e8re heure 9h03, deuxi\u00e8me heure 10h08<\/strong><\/em>)<br>L\u2019office sera suivi d\u2019un kiddouch communautaire<\/p>\n\n\n\n<p id=\"block-24f8e37b-107d-4875-a7df-2efe9800d16c\"><em><strong>Samedi apr\u00e8s-midi :<\/strong><\/em><br><strong>19h30<\/strong> : Cours mixte sur la Paracha par <strong>R\u00e9my LEVY<\/strong><\/p>\n\n\n\n<p id=\"block-e7376c13-7711-4930-9c53-9ca728860be6\"><strong>20h25<\/strong> : Lecture collective des T\u00e9hilim \u2013 Alpha\/Beta<br><strong>20h45<\/strong> : Min\u2019ha, suivi de la s\u00e9ouda ch\u00e9lichit offerte par <strong>Linda BOUSSIDAN<\/strong>, l\u00e9ilouy nichmat <strong>Solika bat L\u00e9a<\/strong> (\u05d6\u05f4\u05dc).<br>Dvar Torah par <strong>R\u00e9my LEVY<\/strong><br><strong>21h34<\/strong> : Shquiya \/ \u05e9\u05e7\u05e2\u05ea \u05d4\u05d7\u05de\u05d4<\/p>\n\n\n\n<p id=\"block-e439bacb-5532-43b3-a66c-07b92a781a24\"><strong><em>Samedi soir :<\/em><\/strong><br><strong>22h22<\/strong> : Arvit<br><strong>22h32<\/strong> : Fin de Chabbat, Havdala<\/p>\n\n\n\n<p id=\"block-367ff358-36e2-4918-b54a-054e3f16f9fa\"><strong>Chabbat Chalom !<\/strong><\/p>\n\n\n\n<hr class=\"wp-block-separator has-alpha-channel-opacity\" id=\"block-66023a7d-4a9d-4f4e-8c67-4d4fb966b298\"\/>\n\n\n\n<h3 class=\"wp-block-heading\" id=\"block-27fff60f-d3cb-4542-b765-8c77fa56f3a1\">Les horaires de la semaine :<\/h3>\n\n\n\n<h4 class=\"wp-block-heading\" id=\"block-af0c7919-b4fe-4da1-9b6b-5ec3b0c3dc74\">dimanche :<\/h4>\n\n\n\n<p id=\"block-9e0f7d86-d77e-4e0f-94d6-bbb18c310602\"><strong>08h00<\/strong> : Cha&rsquo;harit<br><strong>19h35<\/strong> : Min&rsquo;ha, suivi de Arvit<\/p>\n\n\n\n<h4 class=\"wp-block-heading\" id=\"block-83ef73bd-9d69-42a0-ad1b-1f5c269ded6b\">du lundi au vendredi :<\/h4>\n\n\n\n<p id=\"block-d0f6b46a-a896-4164-8f5e-62a36bb8a8b4\"><strong>07h00<\/strong> : Cha&rsquo;harit<br><strong>19h35<\/strong> : Min&rsquo;ha suivi de Arvit (sauf vendredi)<\/p>\n\n\n\n<hr class=\"wp-block-separator has-alpha-channel-opacity\" id=\"block-7923e02e-2ceb-497a-b6bb-006b78bf9398\"\/>\n\n\n\n<h3 class=\"wp-block-heading\" id=\"block-28917803-3f79-46a6-b8e9-aa76fdf47c78\">Les horaires de la semaine :<\/h3>\n\n\n\n<p id=\"block-18d861ae-b218-4e4a-9cd3-291a765e9b50\">\u00e0 la Synagogue, 43 rue des abondances<\/p>\n\n\n\n<p id=\"block-99e77fb3-4726-4316-9ff6-c279e24f676e\"><strong><em>Dimanche et jours f\u00e9ri\u00e9s :<\/em><\/strong><br><strong>08h00<\/strong> : Cha\u2019harit<br><strong>19h45<\/strong> : Min&rsquo;ha suivi de Arvit<\/p>\n\n\n\n<p id=\"block-81d3d971-1918-4f0d-b97a-79a64ab09752\"><strong><em>du Lundi au Vendredi :<\/em><\/strong><br><strong>07h00<\/strong> : Cha\u2019harit (<strong>06h55<\/strong> lundi et jeudi)<br><strong>07h45<\/strong> : 2\u00e8me office dans l&rsquo;<strong>Espace Elie Botbol<\/strong><br><strong>19h45<\/strong> : Min&rsquo;ha suivi de Arvit (sauf vendredi soir)<\/p>\n\n\n\n<hr class=\"wp-block-separator has-alpha-channel-opacity\" id=\"block-f5548326-2ed7-4b7c-bbe0-9d9bea5190f4\"\/>\n\n\n\n<h3 class=\"wp-block-heading\" id=\"block-56585f0c-929c-4315-819a-9348d5c99165\">Op\u00e9ration nouveaux livres pour la Synagogue du Centre Culturel juif de Boulogne :<\/h3>\n\n\n\n<p id=\"block-41d553c3-b50b-4b3e-9492-b906a12d18e1\">Si vous souhaitez offrir des nouveaux livres pour la Synagogue du Centre Culturel juif de Boulogne, vous pourrez ainsi les d\u00e9dicacer pour la R\u00e9foua Ch\u00e9l\u00e9ma ou pour rappeler la m\u00e9moire d&rsquo;un proche.<\/p>\n\n\n\n<p>j&rsquo;offre des nouveaux livres<\/p>\n\n\n\n<hr class=\"wp-block-separator has-alpha-channel-opacity\" id=\"block-3bd07723-0244-4f7b-a194-24e967d8d800\"\/>\n\n\n\n<h3 class=\"wp-block-heading\" id=\"block-b11028bc-ff79-49eb-88dd-f665b82f3848\">CCIBB &#8211; Informations et inscriptions aux activit\u00e9s 2023-2024 :<\/h3>\n\n\n<div class=\"wp-block-image\">\n<figure class=\"aligncenter size-large is-resized\"><img loading=\"lazy\" decoding=\"async\" src=\"https:\/\/maguen-avraham.org\/wp-content\/uploads\/2023\/07\/CCIBB-activites-2023-2024-a4-723x1024.jpg\" alt=\"\" class=\"wp-image-189\" width=\"542\" height=\"768\" srcset=\"https:\/\/maguen-avraham.org\/wp-content\/uploads\/2023\/07\/CCIBB-activites-2023-2024-a4-723x1024.jpg 723w, https:\/\/maguen-avraham.org\/wp-content\/uploads\/2023\/07\/CCIBB-activites-2023-2024-a4-212x300.jpg 212w, https:\/\/maguen-avraham.org\/wp-content\/uploads\/2023\/07\/CCIBB-activites-2023-2024-a4-768x1087.jpg 768w, https:\/\/maguen-avraham.org\/wp-content\/uploads\/2023\/07\/CCIBB-activites-2023-2024-a4-1085x1536.jpg 1085w, https:\/\/maguen-avraham.org\/wp-content\/uploads\/2023\/07\/CCIBB-activites-2023-2024-a4-1447x2048.jpg 1447w, https:\/\/maguen-avraham.org\/wp-content\/uploads\/2023\/07\/CCIBB-activites-2023-2024-a4-scaled.jpg 1808w\" sizes=\"auto, (max-width: 542px) 100vw, 542px\" \/><\/figure>\n<\/div>\n\n\n<p>Pour vous inscrire, rendez-vous le jour de la reprise des activit\u00e9s, <strong>dimanche 3 septembre 2023 \u00e0 9h45<\/strong>, au gymnase Denfert Rochereau, 42 rue Denfert Rochereau, 92100 Boulogne.<\/p>\n\n\n\n<p id=\"block-3a7d6fca-39a9-4ed6-b8d9-7401404d7b93\">Plus d&rsquo;infos sur <a href=\"https:\/\/ccibb.net\/2023\/07\/activites-2023-2024-informations-inscriptions\/\" target=\"_blank\" rel=\"noreferrer noopener\">ccibb.net<\/a> !<\/p>\n\n\n\n<hr class=\"wp-block-separator has-alpha-channel-opacity\" id=\"block-8c7ee797-8218-4fe6-9b18-b9ff368abd27\"\/>\n\n\n\n<h3 class=\"wp-block-heading\" id=\"block-9c9fd987-d0b5-4c97-bb5c-9e8b37fc9d94\">Beth Hamidrach :<\/h3>\n\n\n\n<p id=\"block-1a34a0c1-2d52-4c7f-9fb6-82d0107b7455\">Le <strong>Rabbin Didier Kassabi<\/strong> donne un cours de Gu\u00e9mara chaque <strong>lundi soir \u00e0 20h45<\/strong> \u00e0 la Synagogue de Boulogne Billancourt, 43 rue des abondances.<\/p>\n\n\n\n<p id=\"block-bef4a103-c30a-4385-ba86-4bc2ed77d935\"><strong>reprise \u00e0 la rentr\u00e9e !<\/strong><\/p>\n\n\n\n<figure class=\"wp-block-image\" id=\"block-0955f273-623a-4052-a331-e294c8a4cb82\"><img decoding=\"async\" src=\"https:\/\/acjbb-sud.org\/wp-content\/uploads\/2018\/12\/Rav-Didier-Kassabi-ACJBB-Boulogne-Sud-1024x656.jpg\" alt=\"L\u2019attribut alt de cette image est vide, son nom de fichier est Rav-Didier-Kassabi-ACJBB-Boulogne-Sud-1024x656.jpg.\"\/><\/figure>\n\n\n\n<p id=\"block-f045774c-2b3d-4442-83e9-bb75622f73a8\">Retrouvez tous les cours du Rabbin Kassabi <a href=\"https:\/\/acjbb-sud.org\/index.php\/cours-du-rabbin-kassabi\/\" target=\"_blank\" rel=\"noreferrer noopener\">sur cette page<\/a> !!<\/p>\n\n\n\n<hr class=\"wp-block-separator has-alpha-channel-opacity\" id=\"block-e52cb101-ca55-48a1-8322-ccf41f4c5dae\"\/>\n\n\n\n<h3 class=\"wp-block-heading\" id=\"block-ec4919f3-d2e8-4cb1-89a9-cd619c52f59a\">Cours pour femmes :<\/h3>\n\n\n\n<p id=\"block-06013fa9-87a1-4b92-a60f-3b9498b3ed8c\"><strong>Mme Ya\u00ebl Kassabi<\/strong>&nbsp;donne un cours pour femmes <strong>1 mardi sur 2, &nbsp;de 21h00 \u00e0 22h00<\/strong>.<\/p>\n\n\n\n<p id=\"block-45cc2245-7505-4106-93c1-3876d2fca8ad\">A la Synagogue de Boulogne, espace Alfred Zemmour<\/p>\n\n\n\n<p id=\"block-cee1603c-ff69-492a-8d84-945abd5ac25b\"><strong>reprise \u00e0 la rentr\u00e9e !<\/strong><\/p>\n\n\n\n<hr class=\"wp-block-separator has-alpha-channel-opacity\" id=\"block-7b61fd68-b2fb-4261-bc9c-c09c2739fa56\"\/>\n\n\n\n<h3 class=\"wp-block-heading\" id=\"block-8842cb27-f077-49b4-b0da-96034ff1cb7a\">Le mardi des \u00e9tudiants :<\/h3>\n\n\n\n<p id=\"block-9c143200-bc17-4fe2-8569-85ff7f1610d5\">\u00e0 la Synagogue de Boulogne<\/p>\n\n\n\n<p id=\"block-3f7e5bee-ec06-4326-a47d-d16800fc1397\"><strong>reprise \u00e0 la rentr\u00e9e !<\/strong><\/p>\n\n\n\n<hr class=\"wp-block-separator has-alpha-channel-opacity\" id=\"block-976d5728-7bc9-4cb9-ac5b-443a2e6ba491\"\/>\n\n\n\n<h3 class=\"wp-block-heading\" id=\"block-5c4ec839-6874-42dc-91b8-615cf50d8ad0\">Informations Synagogue Maguen Avraham :<\/h3>\n\n\n\n<p id=\"block-cafd1227-e349-4864-9afe-901c276c3115\">Retrouvez toutes les informations de l\u2019office sur : <a href=\"https:\/\/maguen-avraham.org\/\" target=\"_blank\" rel=\"noreferrer noopener\">www.maguen-avraham.org<\/a>.<br>Si vous souhaitez recevoir par mail la newsletter de l\u2019office, inscrivez-vous en nous envoyant un mail \u00e0 <a href=\"mailto:newsletter@maguen-avraham.org\" target=\"_blank\" rel=\"noreferrer noopener\">newsletter@maguen-avraham.org<\/a>.<br>Retrouvez \u00e9galement toutes les informations sur la page Facebook de l\u2019office : <a href=\"http:\/\/facebook.com\/SynaMaguenAvaham\" target=\"_blank\" rel=\"noreferrer noopener\">facebook.com\/SynaMaguenAvaham<\/a> et sur Twitter : <a href=\"https:\/\/twitter.com\/maguenavraham\" target=\"_blank\" rel=\"noreferrer noopener\">twitter.com\/maguenavraham<\/a>.<\/p>\n\n\n\n<hr class=\"wp-block-separator has-alpha-channel-opacity\" id=\"block-528528bb-e39a-41db-84fa-13bab8f3a20c\"\/>\n\n\n\n<h3 class=\"wp-block-heading\" id=\"block-2d40d379-2a38-4b4b-94f6-1beabb414ff1\">R\u00e9servation des espaces communautaires :<\/h3>\n\n\n\n<p id=\"block-7509231d-9161-41e0-a21f-1ae0f164fafe\">Vous souhaitez organiser une manifestation (Brith-Mila, Bar-Mitsvah et Bat-Mitsvah, Mariage, Azkara, Soir\u00e9e Mikv\u00e9 Kala, etc&#8230; ) dans les espaces du <strong>Centre Culturel juif de Boulogne<\/strong>, 17 rue Danjou, Boulogne Billancourt, contactez M. Patrick Sebban 06.03.02.30.78 &#8211; <a href=\"mailto:patrick.sebban2@paris.fr\">patrick.sebban2@paris.fr<\/a>.<\/p>\n\n\n\n<p id=\"block-1944d58c-a6d7-4c66-9de0-c2b70ac92de3\">Vous souhaitez organiser une manifestation (Brith-Mila, Bar-Mitsvah et Bat-Mitsvah, Mariage, Azkara, Soir\u00e9e Mikv\u00e9 Kala, etc\u2026 ) dans les espaces de la&nbsp;<strong>Synagogue de Boulogne<\/strong>, 43 rue des Abondances ?<br>Contactez M. Alain&nbsp;Chicheportiche&nbsp;06.95.62.58.41 \u2013&nbsp;<a href=\"mailto:alainchicheportiche92@gmail.com\" target=\"_blank\" rel=\"noreferrer noopener\">alainchicheportiche92@gmail.com<\/a><\/p>\n\n\n\n<hr class=\"wp-block-separator has-alpha-channel-opacity\" id=\"block-fe4980a7-2732-4484-9b74-46a4e9f51470\"\/>\n\n\n\n<h3 class=\"wp-block-heading\" id=\"block-44e70b5c-feb2-4cd3-a724-ffb7fd10d4f0\">Mikv\u00e9 :<\/h3>\n\n\n\n<p id=\"block-4fc8a33d-0c26-4b06-a660-5d3372273934\">Plus d&rsquo;informations sur le site de la <a href=\"https:\/\/synaboulogne.com\/2020\/03\/24\/coronavirus-fermeture-des-mikves-a-boulogne\/\" target=\"_blank\" rel=\"noreferrer noopener\">Synagogue de Boulogne<\/a>.<\/p>\n\n\n\n<hr class=\"wp-block-separator has-alpha-channel-opacity\" id=\"block-b9533181-2d45-483d-9703-d23ae934a849\"\/>\n\n\n\n<h3 class=\"wp-block-heading\" id=\"block-089eabf4-4d52-4494-8de0-f6e05f146098\">Mikv\u00e9 K\u00e9lim :<\/h3>\n\n\n\n<p id=\"block-3045337f-590f-4eda-bb20-dbe76f1cf7c9\">Le mikv\u00e9 k\u00e9lim est ouvert tous les matins apr\u00e8s l&rsquo;office.<\/p>\n\n\n\n<hr class=\"wp-block-separator has-alpha-channel-opacity\" id=\"block-f2486013-f2d0-43e0-99c4-0e4da01d5677\"\/>\n\n\n\n<h3 class=\"wp-block-heading\" id=\"block-e709b092-9bf7-49f2-8414-c719e5bc69e3\">Faire un don :<\/h3>\n\n\n\n<p id=\"block-8e0b1fa1-f60a-4976-8726-93cbd49297f0\">Pour faire vivre et participer activement \u00e0 cet office, <a href=\"http:\/\/www.acjbb-sud.org\/index.php\/faire-un-don\/\" target=\"_blank\" rel=\"noreferrer noopener\">faites un don<\/a> par internet ou envoyez vos ch\u00e8ques \u00e0 l&rsquo;ordre de \u00ab\u00a0<em>ACJBB Sud<\/em>\u00ab\u00a0, au <strong>17 rue Barth\u00e9l\u00e9my Danjou<\/strong>. Toutes les participations sont bienvenues, <em>les petits ruisseaux faisant de grandes rivi\u00e8res<\/em>, nous parviendrons, tous ensemble, \u00e0 faire vivre l\u2019Office de Boulogne Sud.<br><br>Tizkou L\u00e9-Mitsvot !!!<\/p>\n\n\n\n<hr class=\"wp-block-separator has-alpha-channel-opacity\" id=\"block-3f962ff7-934d-4a15-a976-847fd1ae5f1e\"\/>\n\n\n\n<h3 class=\"wp-block-heading\" id=\"block-91e7562e-4d7c-4571-ac5d-f9f8d09fc385\">Cotisation annuelle :<\/h3>\n\n\n\n<p id=\"block-29418bf0-7d76-403f-97cc-46c12300c835\"><strong>N&rsquo;oubliez pas de vous inscrire au Consistoire<\/strong> (60\u20ac minimum par personnes) afin de pouvoir \u00eatre \u00e9lecteur et \u00e9ligible pour les \u00e9lections \u00e0 venir.<\/p>\n\n\n\n<p id=\"block-ec11bf0f-c828-4c0a-97d3-1e54aa8062ad\">Vous pouvez r\u00e9gler votre cotisation annuelle sur le <a href=\"https:\/\/synaboulogne.us12.list-manage.com\/track\/click?u=f13343cbc4710ddbadcdef23f&amp;id=2ccca5826b&amp;e=744d346afc\" target=\"_blank\" rel=\"noreferrer noopener\">site du Consistoire<\/a>.<\/p>\n\n\n\n<hr class=\"wp-block-separator has-alpha-channel-opacity\" id=\"block-ed91b845-5b99-4bc0-8073-e467033fcd05\"\/>\n\n\n\n<h3 class=\"wp-block-heading\" id=\"block-62587651-259e-4c63-8ba7-cdad755b39c0\">Dons pour le Centre Culturel de Boulogne Billancourt :<\/h3>\n\n\n\n<p id=\"block-9183c414-8eda-4f6a-9389-a984748b096f\">Le nouveau <a href=\"https:\/\/ccj-boulogne.com\" target=\"_blank\" rel=\"noreferrer noopener\">Centre Culturel juif de Boulogne<\/a> se situe \u00e0 l\u2019angle des rues Marcel Dassault et Danjou.<\/p>\n\n\n\n<p id=\"block-9fb1e6a1-7b98-4330-8227-01d5ac2f777a\">Il comprendra notamment :<\/p>\n\n\n\n<ul class=\"wp-block-list\" id=\"block-021444f5-1354-4486-8b59-9d787e23f7f8\">\n<li>Une Synagogue<\/li>\n\n\n\n<li>Le Centre Communautaire (CCIBB)<\/li>\n\n\n\n<li>Une salle polyvalente<\/li>\n\n\n\n<li>Une salle des f\u00eates<\/li>\n<\/ul>\n\n\n\n<p id=\"block-6ed9f560-128f-404e-827e-3c2a190f31ff\">Vous avez une occasion unique d\u2019inscrire votre nom, celui de vos familles, celui de vos disparus, dans un projet qui marquera l\u2019avenir de la vie juive \u00e0 Boulogne-Billancourt.<\/p>\n\n\n\n<figure class=\"wp-block-image\" id=\"block-f8f97d3a-02f6-435e-8775-15d317cbea56\"><img decoding=\"async\" src=\"https:\/\/acjbb-sud.org\/wp-content\/uploads\/2022\/01\/ACJBB-CCJ92-Centre-Culturel-Juif-Boulogne-vue-cour-800-logos.png\" alt=\"L\u2019attribut alt de cette image est vide, son nom de fichier est ACJBB-CCJ92-Centre-Culturel-Juif-Boulogne-vue-cour-800-logos.png.\"\/><\/figure>\n\n\n\n<p id=\"block-2b1aaf59-c9aa-44ef-b033-30228840c896\">Devenez acteur du devenir de la vie juive \u00e0 Boulogne en faisant un don pour la construction du Centre Culturel de Boulogne. Vous pouvez d\u00e9cider de diriger votre don vers la synagogue ACJBB ou vers le CCIBB, en nous l\u2019indiquant par message.<\/p>\n\n\n\n<p id=\"block-bd23d268-712e-45e6-9dea-e19dbb5f9765\"><strong>Il reste encore 3 \u00e9tages \u00e0 am\u00e9nager !!<\/strong><\/p>\n\n\n\n<p id=\"block-5ec07325-0a78-45e8-af9c-b7c52fb66405\">Si vous avez des question, <a href=\"mailto:synamail@acjbb.com?subject=&quot;Question sur la construction du Centre culturel&quot;\">envoyez-nous un message<\/a> !<\/p>\n\n\n\n<p id=\"block-f0b7a23f-6995-429e-bf32-efb86e70ab1a\"><a href=\"https:\/\/www.helloasso.com\/associations\/acjbb-2\/collectes\/construction-du-centre-juif-de-boulogne\" target=\"_blank\" rel=\"noreferrer noopener\">Je participe \u00e0 la collecte pour la construction<\/a>.<\/p>\n\n\n\n<hr class=\"wp-block-separator has-alpha-channel-opacity\" id=\"block-a8df215f-cd1c-4676-b9b2-9f156d0d5e3d\"\/>\n\n\n\n<h3 class=\"wp-block-heading\" id=\"block-ddebc1fb-4c95-42f9-9df4-6d7c25af1778\">Talmud Torah de Boulogne :<\/h3>\n\n\n\n<p><strong>Rentr\u00e9e du Talmud Torah 5784\/2023-2024<\/strong><\/p>\n\n\n\n<p><strong>Dimanche 3 septembre<\/strong><\/p>\n\n\n\n<figure class=\"wp-block-image size-full\"><img loading=\"lazy\" decoding=\"async\" width=\"940\" height=\"788\" src=\"https:\/\/maguen-avraham.org\/wp-content\/uploads\/2023\/07\/ACJBB-Synagogue-Boulogne-Talmud-Torah-5784-2023-2024.png\" alt=\"\" class=\"wp-image-191\" srcset=\"https:\/\/maguen-avraham.org\/wp-content\/uploads\/2023\/07\/ACJBB-Synagogue-Boulogne-Talmud-Torah-5784-2023-2024.png 940w, https:\/\/maguen-avraham.org\/wp-content\/uploads\/2023\/07\/ACJBB-Synagogue-Boulogne-Talmud-Torah-5784-2023-2024-300x251.png 300w, https:\/\/maguen-avraham.org\/wp-content\/uploads\/2023\/07\/ACJBB-Synagogue-Boulogne-Talmud-Torah-5784-2023-2024-768x644.png 768w\" sizes=\"auto, (max-width: 940px) 100vw, 940px\" \/><\/figure>\n\n\n\n<p>Pour tous les enfants \u00e0 partir de 6 ans.<br>Renseignements et informations aupr\u00e8s de David Marciano, Directeur du Talmud Torah, par t\u00e9l\u00e9phone, SMS ou WhatsApp au 06 59 12 04 51.<br>Passez le message autour de vous.<\/p>\n\n\n\n<hr class=\"wp-block-separator has-alpha-channel-opacity\" id=\"block-e8c03e05-604b-4b2e-93bb-052d13b97557\"\/>\n\n\n\n<h3 class=\"wp-block-heading\" id=\"block-4e51980f-8302-4cbb-80e4-955ddbfe23df\">CCIBB &#8211; Activit\u00e9s 2022-2023 : Informations et inscriptions :<\/h3>\n\n\n<div class=\"wp-block-image\">\n<figure class=\"aligncenter size-large\" id=\"block-d4588260-2e15-4ad1-8452-166abfafefc8\"><img loading=\"lazy\" decoding=\"async\" width=\"723\" height=\"1024\" src=\"https:\/\/maguen-avraham.org\/wp-content\/uploads\/2023\/07\/CCIBB-activites-2023-2024-a4-723x1024.jpg\" alt=\"\" class=\"wp-image-189\" srcset=\"https:\/\/maguen-avraham.org\/wp-content\/uploads\/2023\/07\/CCIBB-activites-2023-2024-a4-723x1024.jpg 723w, https:\/\/maguen-avraham.org\/wp-content\/uploads\/2023\/07\/CCIBB-activites-2023-2024-a4-212x300.jpg 212w, https:\/\/maguen-avraham.org\/wp-content\/uploads\/2023\/07\/CCIBB-activites-2023-2024-a4-768x1087.jpg 768w, https:\/\/maguen-avraham.org\/wp-content\/uploads\/2023\/07\/CCIBB-activites-2023-2024-a4-1085x1536.jpg 1085w, https:\/\/maguen-avraham.org\/wp-content\/uploads\/2023\/07\/CCIBB-activites-2023-2024-a4-1447x2048.jpg 1447w, https:\/\/maguen-avraham.org\/wp-content\/uploads\/2023\/07\/CCIBB-activites-2023-2024-a4-scaled.jpg 1808w\" sizes=\"auto, (max-width: 723px) 100vw, 723px\" \/><\/figure>\n<\/div>\n\n\n<p id=\"block-68345ba5-4343-4a46-a742-2aa010ffd190\">plus d&rsquo;informations : <a href=\"https:\/\/ccibb.net\/2021\/08\/activites-2021-2022-informations-inscriptions-reprise\/\" target=\"_blank\" rel=\"noreferrer noopener\">ccibb.net<\/a><\/p>\n\n\n\n<hr class=\"wp-block-separator has-alpha-channel-opacity\" id=\"block-a6a1ceb4-8d51-4895-b854-4940cb0b23b6\"\/>\n\n\n\n<h3 class=\"wp-block-heading\" id=\"block-3426a611-3d8e-4058-9969-515449b77b5e\">Oulpan avec le CCIBB et l&rsquo;OMS :<\/h3>\n\n\n\n<figure class=\"wp-block-image\" id=\"block-4bb8e9c6-f060-4d46-a6a7-4466da1dd050\"><img decoding=\"async\" src=\"https:\/\/acjbb-sud.org\/wp-content\/uploads\/2020\/10\/CCIBB-Affiche-reunion-inscription-oulpan-OSM-2020-2021-734x1024.jpeg\" alt=\"L\u2019attribut alt de cette image est vide, son nom de fichier est CCIBB-Affiche-reunion-inscription-oulpan-OSM-2020-2021-734x1024.jpeg.\"\/><\/figure>\n\n\n\n<hr class=\"wp-block-separator has-alpha-channel-opacity\" id=\"block-c5cc7e4c-910c-44c6-a92f-daafa8c79ab2\"\/>\n\n\n\n<h3 class=\"wp-block-heading\" id=\"block-39107ab4-7406-418e-85f5-cdba892a526b\">Dvar Torah :<\/h3>\n\n\n\n<p id=\"block-88c42292-c02a-4fca-b23f-1ec1aaf9f987\"><em><strong>du Rav Mika\u00ebl Mouyal<\/strong><\/em> :<\/p>\n\n\n\n<p id=\"block-2f15b161-43a5-49a6-b73a-e0f68c550d81\">Retrouvez tous les commentaires et sidrots sur la Paracha par le Rav Mika\u00ebl Mouyal sur <a href=\"https:\/\/acjbb-sud.org\/index.php\/dvar-torah-sidra-rav-mouyal\/\" target=\"_blank\" rel=\"noreferrer noopener\">cette page<\/a>.<\/p>\n\n\n\n<p id=\"block-0028f581-3664-46d8-87dc-eb0327b5225d\">Retrouvez les Divr\u00e9 Torah en vid\u00e9os sur notre <a href=\"https:\/\/www.youtube.com\/channel\/UC20u-GBY1CIXXcjbM96fPxw\" target=\"_blank\" rel=\"noreferrer noopener\">chaine YouTube<\/a>.<\/p>\n\n\n\n<p id=\"block-80f8ff02-31be-42ff-adb6-3f2db22998bd\"><em><strong>du Rabbin Didier Kassabi :<\/strong><\/em><\/p>\n\n\n\n<p id=\"block-7e49a878-d272-4660-a6d4-75d5e04bec1d\">T\u00e9l\u00e9chargez le Dvar Torah directement en PDF afin de l\u2019imprimer et le lire plus facilement :<br><a href=\"https:\/\/synaboulogne.com\/wp-content\/uploads\/2023\/07\/ACJBB-Boulogne-Dvar-Torah-Rabbin-Didier-Kassabi-Vaethanan-5783.pdf\" target=\"_blank\" rel=\"noreferrer noopener\">Dvar Torah Va\u00e9t&rsquo;hanan<\/a>.<\/p>\n\n\n\n<p id=\"block-d432d214-cd14-4460-a2e9-b07834f88997\">Retrouvez tous les Divrei Torah sur la Paracha par le Rabbin Didier Kassabi sur <a href=\"https:\/\/synaboulogne.com\/dvar-torah-du-rabbin-didier-kassabi\/\" target=\"_blank\" rel=\"noreferrer noopener\">cette page.<\/a><\/p>\n\n\n\n<p id=\"block-1c2736a7-4978-49eb-b313-892eae9c9621\">Retrouvez les Divr\u00e9 Torah en vid\u00e9os sur la <a href=\"https:\/\/www.youtube.com\/synagoguedeboulogne\" target=\"_blank\" rel=\"noreferrer noopener\">chaine YouTube de la Synagogue de Boulogne<\/a>.<\/p>\n","protected":false},"excerpt":{"rendered":"<p>Paracha Va\u00e9t&rsquo;hanan \/ \u05e4\u05e8\u05e9\u05d4 \u05d5\u05d0\u05ea\u05d7\u05e0\u05dfChabbat Na&rsquo;hamou \/ \u05e9\u05d1\u05ea \u05e0\u05d7\u05de\u05d5 28\/29 juillet 2023 &#8211; 11 Av 5783 \/ \u05d9&rsquo;\u05d0 \u05d0\u05d1 \u05ea\u05e9\u05e4&rsquo;\u05d2D\u00e9but vendredi soir \u00e0 21h17 &#8211; Fin samedi soir \u00e0 22h32 Les horaires de Chabbat : Vendredi soir :19h00 : Chir HaChirim19h15 : Min&rsquo;ha19h35 : Kabalat Chabbat et Arvit20h00 : Allumage [&hellip;]<\/p>\n","protected":false},"author":1,"featured_media":186,"comment_status":"open","ping_status":"open","sticky":false,"template":"","format":"standard","meta":{"om_disable_all_campaigns":false,"_monsterinsights_skip_tracking":false,"_monsterinsights_sitenote_active":false,"_monsterinsights_sitenote_note":"","_monsterinsights_sitenote_category":0,"_uf_show_specific_survey":0,"_uf_disable_surveys":false,"_jetpack_memberships_contains_paid_content":false,"footnotes":""},"categories":[3],"tags":[],"class_list":["post-183","post","type-post","status-publish","format-standard","has-post-thumbnail","hentry","category-chabbat"],"aioseo_notices":[],"yoast_head":"<!-- This site is optimized with the Yoast SEO plugin v26.6 - https:\/\/yoast.com\/wordpress\/plugins\/seo\/ -->\n<title>Paracha Va\u00e9t&#039;hanan - Chabbat Na&#039;hamou - Synagogue Maguen Avraham<\/title>\n<meta name=\"robots\" content=\"index, follow, max-snippet:-1, max-image-preview:large, max-video-preview:-1\" \/>\n<link rel=\"canonical\" href=\"https:\/\/maguen-avraham.org\/index.php\/2023\/07\/25\/paracha-vaethanan-5783-chabbat-nahamou\/\" \/>\n<meta property=\"og:locale\" content=\"fr_FR\" \/>\n<meta property=\"og:type\" content=\"article\" \/>\n<meta property=\"og:title\" content=\"Paracha Va\u00e9t&#039;hanan - Chabbat Na&#039;hamou - Synagogue Maguen Avraham\" \/>\n<meta property=\"og:description\" content=\"Paracha Va\u00e9t&rsquo;hanan \/ \u05e4\u05e8\u05e9\u05d4 \u05d5\u05d0\u05ea\u05d7\u05e0\u05dfChabbat Na&rsquo;hamou \/ \u05e9\u05d1\u05ea \u05e0\u05d7\u05de\u05d5 28\/29 juillet 2023 &#8211; 11 Av 5783 \/ \u05d9&rsquo;\u05d0 \u05d0\u05d1 \u05ea\u05e9\u05e4&rsquo;\u05d2D\u00e9but vendredi soir \u00e0 21h17 &#8211; Fin samedi soir \u00e0 22h32 Les horaires de Chabbat : Vendredi soir :19h00 : Chir HaChirim19h15 : Min&rsquo;ha19h35 : Kabalat Chabbat et Arvit20h00 : Allumage [&hellip;]\" \/>\n<meta property=\"og:url\" content=\"https:\/\/maguen-avraham.org\/index.php\/2023\/07\/25\/paracha-vaethanan-5783-chabbat-nahamou\/\" \/>\n<meta property=\"og:site_name\" content=\"Synagogue Maguen Avraham\" \/>\n<meta property=\"article:publisher\" content=\"https:\/\/www.facebook.com\/SynaMaguenAvaham\/\" \/>\n<meta property=\"article:author\" content=\"https:\/\/www.facebook.com\/SynaMaguenAvaham\" \/>\n<meta property=\"article:published_time\" content=\"2023-07-25T21:47:09+00:00\" \/>\n<meta property=\"article:modified_time\" content=\"2023-07-26T18:01:56+00:00\" \/>\n<meta property=\"og:image\" content=\"https:\/\/maguen-avraham.org\/wp-content\/uploads\/2023\/07\/CCJ-92-Synagogue-Maguen-Avraham-Heikhal-new-full-600.jpg\" \/>\n\t<meta property=\"og:image:width\" content=\"600\" \/>\n\t<meta property=\"og:image:height\" content=\"284\" \/>\n\t<meta property=\"og:image:type\" content=\"image\/jpeg\" \/>\n<meta name=\"author\" content=\"Synagogue Maguen Avraham\" \/>\n<meta name=\"twitter:card\" content=\"summary_large_image\" \/>\n<meta name=\"twitter:creator\" content=\"@maguenavraham\" \/>\n<meta name=\"twitter:site\" content=\"@maguenavraham\" \/>\n<meta name=\"twitter:label1\" content=\"\u00c9crit par\" \/>\n\t<meta name=\"twitter:data1\" content=\"Synagogue Maguen Avraham\" \/>\n\t<meta name=\"twitter:label2\" content=\"Dur\u00e9e de lecture estim\u00e9e\" \/>\n\t<meta name=\"twitter:data2\" content=\"6 minutes\" \/>\n<script type=\"application\/ld+json\" class=\"yoast-schema-graph\">{\"@context\":\"https:\/\/schema.org\",\"@graph\":[{\"@type\":\"Article\",\"@id\":\"https:\/\/maguen-avraham.org\/index.php\/2023\/07\/25\/paracha-vaethanan-5783-chabbat-nahamou\/#article\",\"isPartOf\":{\"@id\":\"https:\/\/maguen-avraham.org\/index.php\/2023\/07\/25\/paracha-vaethanan-5783-chabbat-nahamou\/\"},\"author\":{\"name\":\"Synagogue Maguen Avraham\",\"@id\":\"https:\/\/maguen-avraham.org\/#\/schema\/person\/7838d4bb1890735e71cb0a17970b9f4a\"},\"headline\":\"Paracha Va\u00e9t&rsquo;hanan &#8211; Chabbat Na&rsquo;hamou\",\"datePublished\":\"2023-07-25T21:47:09+00:00\",\"dateModified\":\"2023-07-26T18:01:56+00:00\",\"mainEntityOfPage\":{\"@id\":\"https:\/\/maguen-avraham.org\/index.php\/2023\/07\/25\/paracha-vaethanan-5783-chabbat-nahamou\/\"},\"wordCount\":955,\"commentCount\":0,\"publisher\":{\"@id\":\"https:\/\/maguen-avraham.org\/#organization\"},\"image\":{\"@id\":\"https:\/\/maguen-avraham.org\/index.php\/2023\/07\/25\/paracha-vaethanan-5783-chabbat-nahamou\/#primaryimage\"},\"thumbnailUrl\":\"https:\/\/maguen-avraham.org\/wp-content\/uploads\/2023\/07\/CCJ-92-Synagogue-Maguen-Avraham-Heikhal-new-full-600.jpg\",\"articleSection\":[\"Chabbat\"],\"inLanguage\":\"fr-FR\",\"potentialAction\":[{\"@type\":\"CommentAction\",\"name\":\"Comment\",\"target\":[\"https:\/\/maguen-avraham.org\/index.php\/2023\/07\/25\/paracha-vaethanan-5783-chabbat-nahamou\/#respond\"]}]},{\"@type\":\"WebPage\",\"@id\":\"https:\/\/maguen-avraham.org\/index.php\/2023\/07\/25\/paracha-vaethanan-5783-chabbat-nahamou\/\",\"url\":\"https:\/\/maguen-avraham.org\/index.php\/2023\/07\/25\/paracha-vaethanan-5783-chabbat-nahamou\/\",\"name\":\"Paracha Va\u00e9t'hanan - Chabbat Na'hamou - Synagogue Maguen Avraham\",\"isPartOf\":{\"@id\":\"https:\/\/maguen-avraham.org\/#website\"},\"primaryImageOfPage\":{\"@id\":\"https:\/\/maguen-avraham.org\/index.php\/2023\/07\/25\/paracha-vaethanan-5783-chabbat-nahamou\/#primaryimage\"},\"image\":{\"@id\":\"https:\/\/maguen-avraham.org\/index.php\/2023\/07\/25\/paracha-vaethanan-5783-chabbat-nahamou\/#primaryimage\"},\"thumbnailUrl\":\"https:\/\/maguen-avraham.org\/wp-content\/uploads\/2023\/07\/CCJ-92-Synagogue-Maguen-Avraham-Heikhal-new-full-600.jpg\",\"datePublished\":\"2023-07-25T21:47:09+00:00\",\"dateModified\":\"2023-07-26T18:01:56+00:00\",\"breadcrumb\":{\"@id\":\"https:\/\/maguen-avraham.org\/index.php\/2023\/07\/25\/paracha-vaethanan-5783-chabbat-nahamou\/#breadcrumb\"},\"inLanguage\":\"fr-FR\",\"potentialAction\":[{\"@type\":\"ReadAction\",\"target\":[\"https:\/\/maguen-avraham.org\/index.php\/2023\/07\/25\/paracha-vaethanan-5783-chabbat-nahamou\/\"]}]},{\"@type\":\"ImageObject\",\"inLanguage\":\"fr-FR\",\"@id\":\"https:\/\/maguen-avraham.org\/index.php\/2023\/07\/25\/paracha-vaethanan-5783-chabbat-nahamou\/#primaryimage\",\"url\":\"https:\/\/maguen-avraham.org\/wp-content\/uploads\/2023\/07\/CCJ-92-Synagogue-Maguen-Avraham-Heikhal-new-full-600.jpg\",\"contentUrl\":\"https:\/\/maguen-avraham.org\/wp-content\/uploads\/2023\/07\/CCJ-92-Synagogue-Maguen-Avraham-Heikhal-new-full-600.jpg\",\"width\":600,\"height\":284},{\"@type\":\"BreadcrumbList\",\"@id\":\"https:\/\/maguen-avraham.org\/index.php\/2023\/07\/25\/paracha-vaethanan-5783-chabbat-nahamou\/#breadcrumb\",\"itemListElement\":[{\"@type\":\"ListItem\",\"position\":1,\"name\":\"Accueil\",\"item\":\"https:\/\/maguen-avraham.org\/\"},{\"@type\":\"ListItem\",\"position\":2,\"name\":\"Paracha Va\u00e9t&rsquo;hanan &#8211; Chabbat Na&rsquo;hamou\"}]},{\"@type\":\"WebSite\",\"@id\":\"https:\/\/maguen-avraham.org\/#website\",\"url\":\"https:\/\/maguen-avraham.org\/\",\"name\":\"Synagogue Maguen Avraham\",\"description\":\"La Synagogue Maguen Avraham du Centre Culturel juif de Boulogne\",\"publisher\":{\"@id\":\"https:\/\/maguen-avraham.org\/#organization\"},\"potentialAction\":[{\"@type\":\"SearchAction\",\"target\":{\"@type\":\"EntryPoint\",\"urlTemplate\":\"https:\/\/maguen-avraham.org\/?s={search_term_string}\"},\"query-input\":{\"@type\":\"PropertyValueSpecification\",\"valueRequired\":true,\"valueName\":\"search_term_string\"}}],\"inLanguage\":\"fr-FR\"},{\"@type\":\"Organization\",\"@id\":\"https:\/\/maguen-avraham.org\/#organization\",\"name\":\"Synagogue Maguen Avraham\",\"url\":\"https:\/\/maguen-avraham.org\/\",\"logo\":{\"@type\":\"ImageObject\",\"inLanguage\":\"fr-FR\",\"@id\":\"https:\/\/maguen-avraham.org\/#\/schema\/logo\/image\/\",\"url\":\"https:\/\/maguen-avraham.org\/wp-content\/uploads\/2023\/06\/logo-maguen-avraham.jpg\",\"contentUrl\":\"https:\/\/maguen-avraham.org\/wp-content\/uploads\/2023\/06\/logo-maguen-avraham.jpg\",\"width\":843,\"height\":843,\"caption\":\"Synagogue Maguen Avraham\"},\"image\":{\"@id\":\"https:\/\/maguen-avraham.org\/#\/schema\/logo\/image\/\"},\"sameAs\":[\"https:\/\/www.facebook.com\/SynaMaguenAvaham\/\",\"https:\/\/x.com\/maguenavraham\"]},{\"@type\":\"Person\",\"@id\":\"https:\/\/maguen-avraham.org\/#\/schema\/person\/7838d4bb1890735e71cb0a17970b9f4a\",\"name\":\"Synagogue Maguen Avraham\",\"image\":{\"@type\":\"ImageObject\",\"inLanguage\":\"fr-FR\",\"@id\":\"https:\/\/maguen-avraham.org\/#\/schema\/person\/image\/\",\"url\":\"https:\/\/secure.gravatar.com\/avatar\/ea30fe7a8231c8c0bf30066f86006714af7be34ba414543eaab3e453b92901aa?s=96&d=mm&r=g\",\"contentUrl\":\"https:\/\/secure.gravatar.com\/avatar\/ea30fe7a8231c8c0bf30066f86006714af7be34ba414543eaab3e453b92901aa?s=96&d=mm&r=g\",\"caption\":\"Synagogue Maguen Avraham\"},\"sameAs\":[\"http:\/\/maguen-avraham.org\",\"https:\/\/www.facebook.com\/SynaMaguenAvaham\",\"https:\/\/www.instagram.com\/synagogue_maguen_avraham\/\",\"https:\/\/x.com\/maguenavraham\"],\"url\":\"https:\/\/maguen-avraham.org\/index.php\/author\/admin_ma\/\"}]}<\/script>\n<!-- \/ Yoast SEO plugin. -->","yoast_head_json":{"title":"Paracha Va\u00e9t'hanan - Chabbat Na'hamou - Synagogue Maguen Avraham","robots":{"index":"index","follow":"follow","max-snippet":"max-snippet:-1","max-image-preview":"max-image-preview:large","max-video-preview":"max-video-preview:-1"},"canonical":"https:\/\/maguen-avraham.org\/index.php\/2023\/07\/25\/paracha-vaethanan-5783-chabbat-nahamou\/","og_locale":"fr_FR","og_type":"article","og_title":"Paracha Va\u00e9t'hanan - Chabbat Na'hamou - Synagogue Maguen Avraham","og_description":"Paracha Va\u00e9t&rsquo;hanan \/ \u05e4\u05e8\u05e9\u05d4 \u05d5\u05d0\u05ea\u05d7\u05e0\u05dfChabbat Na&rsquo;hamou \/ \u05e9\u05d1\u05ea \u05e0\u05d7\u05de\u05d5 28\/29 juillet 2023 &#8211; 11 Av 5783 \/ \u05d9&rsquo;\u05d0 \u05d0\u05d1 \u05ea\u05e9\u05e4&rsquo;\u05d2D\u00e9but vendredi soir \u00e0 21h17 &#8211; Fin samedi soir \u00e0 22h32 Les horaires de Chabbat : Vendredi soir :19h00 : Chir HaChirim19h15 : Min&rsquo;ha19h35 : Kabalat Chabbat et Arvit20h00 : Allumage [&hellip;]","og_url":"https:\/\/maguen-avraham.org\/index.php\/2023\/07\/25\/paracha-vaethanan-5783-chabbat-nahamou\/","og_site_name":"Synagogue Maguen Avraham","article_publisher":"https:\/\/www.facebook.com\/SynaMaguenAvaham\/","article_author":"https:\/\/www.facebook.com\/SynaMaguenAvaham","article_published_time":"2023-07-25T21:47:09+00:00","article_modified_time":"2023-07-26T18:01:56+00:00","og_image":[{"width":600,"height":284,"url":"https:\/\/maguen-avraham.org\/wp-content\/uploads\/2023\/07\/CCJ-92-Synagogue-Maguen-Avraham-Heikhal-new-full-600.jpg","type":"image\/jpeg"}],"author":"Synagogue Maguen Avraham","twitter_card":"summary_large_image","twitter_creator":"@maguenavraham","twitter_site":"@maguenavraham","twitter_misc":{"\u00c9crit par":"Synagogue Maguen Avraham","Dur\u00e9e de lecture estim\u00e9e":"6 minutes"},"schema":{"@context":"https:\/\/schema.org","@graph":[{"@type":"Article","@id":"https:\/\/maguen-avraham.org\/index.php\/2023\/07\/25\/paracha-vaethanan-5783-chabbat-nahamou\/#article","isPartOf":{"@id":"https:\/\/maguen-avraham.org\/index.php\/2023\/07\/25\/paracha-vaethanan-5783-chabbat-nahamou\/"},"author":{"name":"Synagogue Maguen Avraham","@id":"https:\/\/maguen-avraham.org\/#\/schema\/person\/7838d4bb1890735e71cb0a17970b9f4a"},"headline":"Paracha Va\u00e9t&rsquo;hanan &#8211; Chabbat Na&rsquo;hamou","datePublished":"2023-07-25T21:47:09+00:00","dateModified":"2023-07-26T18:01:56+00:00","mainEntityOfPage":{"@id":"https:\/\/maguen-avraham.org\/index.php\/2023\/07\/25\/paracha-vaethanan-5783-chabbat-nahamou\/"},"wordCount":955,"commentCount":0,"publisher":{"@id":"https:\/\/maguen-avraham.org\/#organization"},"image":{"@id":"https:\/\/maguen-avraham.org\/index.php\/2023\/07\/25\/paracha-vaethanan-5783-chabbat-nahamou\/#primaryimage"},"thumbnailUrl":"https:\/\/maguen-avraham.org\/wp-content\/uploads\/2023\/07\/CCJ-92-Synagogue-Maguen-Avraham-Heikhal-new-full-600.jpg","articleSection":["Chabbat"],"inLanguage":"fr-FR","potentialAction":[{"@type":"CommentAction","name":"Comment","target":["https:\/\/maguen-avraham.org\/index.php\/2023\/07\/25\/paracha-vaethanan-5783-chabbat-nahamou\/#respond"]}]},{"@type":"WebPage","@id":"https:\/\/maguen-avraham.org\/index.php\/2023\/07\/25\/paracha-vaethanan-5783-chabbat-nahamou\/","url":"https:\/\/maguen-avraham.org\/index.php\/2023\/07\/25\/paracha-vaethanan-5783-chabbat-nahamou\/","name":"Paracha Va\u00e9t'hanan - Chabbat Na'hamou - Synagogue Maguen Avraham","isPartOf":{"@id":"https:\/\/maguen-avraham.org\/#website"},"primaryImageOfPage":{"@id":"https:\/\/maguen-avraham.org\/index.php\/2023\/07\/25\/paracha-vaethanan-5783-chabbat-nahamou\/#primaryimage"},"image":{"@id":"https:\/\/maguen-avraham.org\/index.php\/2023\/07\/25\/paracha-vaethanan-5783-chabbat-nahamou\/#primaryimage"},"thumbnailUrl":"https:\/\/maguen-avraham.org\/wp-content\/uploads\/2023\/07\/CCJ-92-Synagogue-Maguen-Avraham-Heikhal-new-full-600.jpg","datePublished":"2023-07-25T21:47:09+00:00","dateModified":"2023-07-26T18:01:56+00:00","breadcrumb":{"@id":"https:\/\/maguen-avraham.org\/index.php\/2023\/07\/25\/paracha-vaethanan-5783-chabbat-nahamou\/#breadcrumb"},"inLanguage":"fr-FR","potentialAction":[{"@type":"ReadAction","target":["https:\/\/maguen-avraham.org\/index.php\/2023\/07\/25\/paracha-vaethanan-5783-chabbat-nahamou\/"]}]},{"@type":"ImageObject","inLanguage":"fr-FR","@id":"https:\/\/maguen-avraham.org\/index.php\/2023\/07\/25\/paracha-vaethanan-5783-chabbat-nahamou\/#primaryimage","url":"https:\/\/maguen-avraham.org\/wp-content\/uploads\/2023\/07\/CCJ-92-Synagogue-Maguen-Avraham-Heikhal-new-full-600.jpg","contentUrl":"https:\/\/maguen-avraham.org\/wp-content\/uploads\/2023\/07\/CCJ-92-Synagogue-Maguen-Avraham-Heikhal-new-full-600.jpg","width":600,"height":284},{"@type":"BreadcrumbList","@id":"https:\/\/maguen-avraham.org\/index.php\/2023\/07\/25\/paracha-vaethanan-5783-chabbat-nahamou\/#breadcrumb","itemListElement":[{"@type":"ListItem","position":1,"name":"Accueil","item":"https:\/\/maguen-avraham.org\/"},{"@type":"ListItem","position":2,"name":"Paracha Va\u00e9t&rsquo;hanan &#8211; Chabbat Na&rsquo;hamou"}]},{"@type":"WebSite","@id":"https:\/\/maguen-avraham.org\/#website","url":"https:\/\/maguen-avraham.org\/","name":"Synagogue Maguen Avraham","description":"La Synagogue Maguen Avraham du Centre Culturel juif de Boulogne","publisher":{"@id":"https:\/\/maguen-avraham.org\/#organization"},"potentialAction":[{"@type":"SearchAction","target":{"@type":"EntryPoint","urlTemplate":"https:\/\/maguen-avraham.org\/?s={search_term_string}"},"query-input":{"@type":"PropertyValueSpecification","valueRequired":true,"valueName":"search_term_string"}}],"inLanguage":"fr-FR"},{"@type":"Organization","@id":"https:\/\/maguen-avraham.org\/#organization","name":"Synagogue Maguen Avraham","url":"https:\/\/maguen-avraham.org\/","logo":{"@type":"ImageObject","inLanguage":"fr-FR","@id":"https:\/\/maguen-avraham.org\/#\/schema\/logo\/image\/","url":"https:\/\/maguen-avraham.org\/wp-content\/uploads\/2023\/06\/logo-maguen-avraham.jpg","contentUrl":"https:\/\/maguen-avraham.org\/wp-content\/uploads\/2023\/06\/logo-maguen-avraham.jpg","width":843,"height":843,"caption":"Synagogue Maguen Avraham"},"image":{"@id":"https:\/\/maguen-avraham.org\/#\/schema\/logo\/image\/"},"sameAs":["https:\/\/www.facebook.com\/SynaMaguenAvaham\/","https:\/\/x.com\/maguenavraham"]},{"@type":"Person","@id":"https:\/\/maguen-avraham.org\/#\/schema\/person\/7838d4bb1890735e71cb0a17970b9f4a","name":"Synagogue Maguen Avraham","image":{"@type":"ImageObject","inLanguage":"fr-FR","@id":"https:\/\/maguen-avraham.org\/#\/schema\/person\/image\/","url":"https:\/\/secure.gravatar.com\/avatar\/ea30fe7a8231c8c0bf30066f86006714af7be34ba414543eaab3e453b92901aa?s=96&d=mm&r=g","contentUrl":"https:\/\/secure.gravatar.com\/avatar\/ea30fe7a8231c8c0bf30066f86006714af7be34ba414543eaab3e453b92901aa?s=96&d=mm&r=g","caption":"Synagogue Maguen Avraham"},"sameAs":["http:\/\/maguen-avraham.org","https:\/\/www.facebook.com\/SynaMaguenAvaham","https:\/\/www.instagram.com\/synagogue_maguen_avraham\/","https:\/\/x.com\/maguenavraham"],"url":"https:\/\/maguen-avraham.org\/index.php\/author\/admin_ma\/"}]}},"jetpack_featured_media_url":"https:\/\/maguen-avraham.org\/wp-content\/uploads\/2023\/07\/CCJ-92-Synagogue-Maguen-Avraham-Heikhal-new-full-600.jpg","jetpack_sharing_enabled":true,"_links":{"self":[{"href":"https:\/\/maguen-avraham.org\/index.php\/wp-json\/wp\/v2\/posts\/183","targetHints":{"allow":["GET"]}}],"collection":[{"href":"https:\/\/maguen-avraham.org\/index.php\/wp-json\/wp\/v2\/posts"}],"about":[{"href":"https:\/\/maguen-avraham.org\/index.php\/wp-json\/wp\/v2\/types\/post"}],"author":[{"embeddable":true,"href":"https:\/\/maguen-avraham.org\/index.php\/wp-json\/wp\/v2\/users\/1"}],"replies":[{"embeddable":true,"href":"https:\/\/maguen-avraham.org\/index.php\/wp-json\/wp\/v2\/comments?post=183"}],"version-history":[{"count":6,"href":"https:\/\/maguen-avraham.org\/index.php\/wp-json\/wp\/v2\/posts\/183\/revisions"}],"predecessor-version":[{"id":199,"href":"https:\/\/maguen-avraham.org\/index.php\/wp-json\/wp\/v2\/posts\/183\/revisions\/199"}],"wp:featuredmedia":[{"embeddable":true,"href":"https:\/\/maguen-avraham.org\/index.php\/wp-json\/wp\/v2\/media\/186"}],"wp:attachment":[{"href":"https:\/\/maguen-avraham.org\/index.php\/wp-json\/wp\/v2\/media?parent=183"}],"wp:term":[{"taxonomy":"category","embeddable":true,"href":"https:\/\/maguen-avraham.org\/index.php\/wp-json\/wp\/v2\/categories?post=183"},{"taxonomy":"post_tag","embeddable":true,"href":"https:\/\/maguen-avraham.org\/index.php\/wp-json\/wp\/v2\/tags?post=183"}],"curies":[{"name":"wp","href":"https:\/\/api.w.org\/{rel}","templated":true}]}}