{"id":316,"date":"2023-09-27T22:03:44","date_gmt":"2023-09-27T20:03:44","guid":{"rendered":"https:\/\/maguen-avraham.org\/?p=316"},"modified":"2023-10-05T15:50:18","modified_gmt":"2023-10-05T13:50:18","slug":"souccot-5784","status":"publish","type":"post","link":"https:\/\/maguen-avraham.org\/index.php\/2023\/09\/27\/souccot-5784\/","title":{"rendered":"Souccot 5784"},"content":{"rendered":"\n<h3 class=\"wp-block-heading has-text-align-center\">Souccot \/ \u05e1\u05d5\u05db\u05d5\u05ea<br>29 septembre\/8 octobre 2023 \/ 15-23 Tichri 5784 \/ \u05d8&rsquo;\u05d5\/\u05db&rsquo;\u05d2 \u05ea\u05e9\u05e8\u05d9 \u05ea\u05e9\u05e4&rsquo;\u05d3<br><em>Premiers jours : <\/em><br><em>D\u00e9but vendredi soir \u00e0 19h16 &#8211; Fin dimanche soir \u00e0 20h17<\/em><\/h3>\n\n\n<div class=\"wp-block-image\">\n<figure class=\"aligncenter size-full\"><img loading=\"lazy\" decoding=\"async\" width=\"800\" height=\"379\" src=\"https:\/\/maguen-avraham.org\/wp-content\/uploads\/2023\/09\/ACJBB-CCJB-92-Centre-Culturel-Synagogue-Maguen-Avraham-Souccot-800.png\" alt=\"\" class=\"wp-image-318\" srcset=\"https:\/\/maguen-avraham.org\/wp-content\/uploads\/2023\/09\/ACJBB-CCJB-92-Centre-Culturel-Synagogue-Maguen-Avraham-Souccot-800.png 800w, https:\/\/maguen-avraham.org\/wp-content\/uploads\/2023\/09\/ACJBB-CCJB-92-Centre-Culturel-Synagogue-Maguen-Avraham-Souccot-800-300x142.png 300w, https:\/\/maguen-avraham.org\/wp-content\/uploads\/2023\/09\/ACJBB-CCJB-92-Centre-Culturel-Synagogue-Maguen-Avraham-Souccot-800-768x364.png 768w\" sizes=\"auto, (max-width: 800px) 100vw, 800px\" \/><\/figure>\n<\/div>\n\n\n<h2 class=\"wp-block-heading\"><span style=\"text-decoration: underline;\">Les horaires :<\/span><\/h2>\n\n\n\n<h3 class=\"wp-block-heading has-text-align-center\">Veille de Souccot &#8211; Chabbat<\/h3>\n\n\n\n<p><strong><em>vendredi 29 septembre, soir :<\/em><\/strong><br><strong>19h00<\/strong> : Min&rsquo;ha, suivi de Arvit<br><strong>19h15<\/strong> : Allumage des bougies (heure maximum pour allumer les bougies <strong><strong><mark style=\"background-color:rgba(0, 0, 0, 0);color:#ff0000\" class=\"has-inline-color\">19h16<\/mark><\/strong><\/strong>). <strong>Allumer une bougie de 24H minimum pour pouvoir allumer les bougies du 2\u00e8me soir.<\/strong><\/p>\n\n\n\n<h3 class=\"wp-block-heading has-text-align-center\">1er jour de Souccot &#8211; Chabbat<\/h3>\n\n\n\n<p><strong><em>samedi 30 septembre matin :<\/em><\/strong><br><strong><strong>09h00<\/strong><\/strong> : Cha\u2019harit <strong><br>(<em><strong>Fin du Ch\u00e9ma : premi\u00e8re heure 09h57, deuxi\u00e8me heure 10h44<\/strong><\/em>)<\/strong><\/p>\n\n\n\n<p><strong><em>samedi 30 septembre, soir :<\/em><\/strong><br><strong>18h15<\/strong> : Lecture des T\u00e9hilim \u2013 Alpha\/Beta <br><strong>18h30<\/strong> : Min&rsquo;ha suivi d&rsquo;une l\u00e9g\u00e8re s\u00e9ouda ch\u00e9lichit<br><strong>19h30<\/strong> : Arvit <br><strong>19h32<\/strong> : Shquiya \/ \u05e9\u05e7\u05e2\u05ea \u05d4\u05d7\u05de\u05d4<br><strong>20h20<\/strong> : Fin de Chabbat, allumage des bougies du 2\u00e8me jour de Souccot, <strong>\u00e0 partir d\u2019une flamme existante (ou allum\u00e9e la veille avant la f\u00eate).<\/strong><\/p>\n\n\n\n<h3 class=\"wp-block-heading has-text-align-center\">2\u00e8me jour de Souccot<\/h3>\n\n\n\n<p><strong><em>dimanche 1er octobre, matin :<\/em><\/strong><br><strong><strong><strong>09h00<\/strong><\/strong><\/strong> : Cha\u2019harit<br>(<em><strong>Fin du Ch\u00e9ma : premi\u00e8re heure 10h04, deuxi\u00e8me heure 10h50<\/strong><\/em>)<\/p>\n\n\n\n<p><strong><em>dimanche 1er octobre, soir :<\/em><\/strong><br><strong>19h00<\/strong> : Min&rsquo;ha, suivi d&rsquo;un cours de Hala&rsquo;hots <br><strong>19h30<\/strong> : Shquiya \/ \u05e9\u05e7\u05e2\u05ea \u05d4\u05d7\u05de\u05d4<br><strong>20h07<\/strong> : Arvit<br><strong>20h17<\/strong> : Fin de Yom-Tov, Havdala (sans feu ni aromates)<\/p>\n\n\n\n<p><strong>&lsquo;Hag Sam\u00e9a&rsquo;h !<\/strong><\/p>\n\n\n\n<hr class=\"wp-block-separator has-css-opacity is-style-wide\"\/>\n\n\n\n<h3 class=\"wp-block-heading has-text-align-center\">&lsquo;Hol haMo\u00e9d \/ \u05d7\u05d5\u05dc \u05d4\u05de\u05d5\u05e2\u05d3<br>Hochaana Raba \/ \u05d4\u05d5\u05e9\u05e2\u05e0\u05d0 \u05e8\u05d1\u05d4<br>2\/6 octobre 2023 \/ 17-21 Tichri 5784 \/ \u05d9&rsquo;\u05d6\/\u05db&rsquo;\u05d0 \u05ea\u05e9\u05e8\u05d9 \u05ea\u05e9\u05e4&rsquo;\u05d3<\/h3>\n\n\n\n<p><strong><em>lundi 2 octobre &#8211; 1er jour de &lsquo;Hol haMo\u00e9d :<\/em><\/strong><br><strong>07h00<\/strong> : Cha&rsquo;harit<br><strong>19h00<\/strong> : Min&rsquo;ha suivi de Arvit <\/p>\n\n\n\n<p><strong><em>mardi 3 octobre &#8211; 2\u00e8me jour de &lsquo;Hol haMo\u00e9d :<\/em><\/strong><br><strong>07h00<\/strong> : Cha&rsquo;harit<br><strong>19h00<\/strong> : Min&rsquo;ha suivi de Arvit<\/p>\n\n\n\n<p><strong><em>mercredi 4 octobre &#8211; 3\u00e8me jour de &lsquo;Hol haMo\u00e9d :<\/em><\/strong><br><strong>07h00<\/strong> : Cha&rsquo;harit<br><strong>19h00<\/strong> : Min&rsquo;ha suivi de Arvit<\/p>\n\n\n\n<p><strong><em>jeudi 5 octobre &#8211; 4\u00e8me jour de &lsquo;Hol haMo\u00e9d :<\/em><\/strong><br><strong>07h00<\/strong> : Cha&rsquo;harit<br><strong>19h00<\/strong> : Min&rsquo;ha suivi de Arvit<\/p>\n\n\n\n<h3 class=\"wp-block-heading has-text-align-center\">Veill\u00e9e de Hochaana Raba<\/h3>\n\n\n<div class=\"wp-block-image\">\n<figure class=\"aligncenter size-large\"><img loading=\"lazy\" decoding=\"async\" width=\"724\" height=\"1024\" src=\"https:\/\/maguen-avraham.org\/wp-content\/uploads\/2023\/10\/ACJBB-veillee-Hochaana-Rabba-5784-v5-724x1024.png\" alt=\"\" class=\"wp-image-336\" srcset=\"https:\/\/maguen-avraham.org\/wp-content\/uploads\/2023\/10\/ACJBB-veillee-Hochaana-Rabba-5784-v5-724x1024.png 724w, https:\/\/maguen-avraham.org\/wp-content\/uploads\/2023\/10\/ACJBB-veillee-Hochaana-Rabba-5784-v5-212x300.png 212w, https:\/\/maguen-avraham.org\/wp-content\/uploads\/2023\/10\/ACJBB-veillee-Hochaana-Rabba-5784-v5-768x1086.png 768w, https:\/\/maguen-avraham.org\/wp-content\/uploads\/2023\/10\/ACJBB-veillee-Hochaana-Rabba-5784-v5-1086x1536.png 1086w, https:\/\/maguen-avraham.org\/wp-content\/uploads\/2023\/10\/ACJBB-veillee-Hochaana-Rabba-5784-v5-1448x2048.png 1448w\" sizes=\"auto, (max-width: 724px) 100vw, 724px\" \/><\/figure>\n<\/div>\n\n\n<p><strong><em>vendredi 6 octobre &#8211; 5\u00e8me jour de &lsquo;Hol haMo\u00e9d &#8211; Hochaana Rabba :<\/em><\/strong><br><strong>07h00<\/strong> : Cha&rsquo;harit<\/p>\n\n\n\n<hr class=\"wp-block-separator has-css-opacity is-style-wide\"\/>\n\n\n\n<h3 class=\"wp-block-heading has-text-align-center\">Chabbat \/ \u05e9\u05d1\u05ea <br>Ch\u00e9mini Ats\u00e9r\u00e8t \/ \u05e9\u05de\u05d9\u05e0\u05d9 \u05e2\u05e6\u05e8\u05ea<br>Sim&rsquo;hat Torah \/ \u05e9\u05de\u05d7\u05ea \u05ea\u05d5\u05e8\u05d4<br>6\/8 octobre 2023 \/ 22-23 Tichri 5784 \/ \u05db&rsquo;\u05d1-\u05db&rsquo;\u05d2 \u05ea\u05e9\u05e8\u05d9 \u05ea\u05e9\u05e4&rsquo;\u05d3<br><em>D\u00e9but vendredi soir \u00e0 19h01 &#8211; Fin dimanche soir \u00e0 20h03<\/em><\/h3>\n\n\n<div class=\"wp-block-image\">\n<figure class=\"aligncenter size-full\"><img loading=\"lazy\" decoding=\"async\" width=\"800\" height=\"379\" src=\"https:\/\/maguen-avraham.org\/wp-content\/uploads\/2023\/07\/CCJ-92-Synagogue-Maguen-Avraham-Heikhal-new-full-800.jpg\" alt=\"\" class=\"wp-image-187\" srcset=\"https:\/\/maguen-avraham.org\/wp-content\/uploads\/2023\/07\/CCJ-92-Synagogue-Maguen-Avraham-Heikhal-new-full-800.jpg 800w, https:\/\/maguen-avraham.org\/wp-content\/uploads\/2023\/07\/CCJ-92-Synagogue-Maguen-Avraham-Heikhal-new-full-800-300x142.jpg 300w, https:\/\/maguen-avraham.org\/wp-content\/uploads\/2023\/07\/CCJ-92-Synagogue-Maguen-Avraham-Heikhal-new-full-800-768x364.jpg 768w\" sizes=\"auto, (max-width: 800px) 100vw, 800px\" \/><\/figure>\n<\/div>\n\n\n<h3 class=\"wp-block-heading has-text-align-center\">Veille de Ch\u00e9mini Ats\u00e9ret &#8211; Chabbat<\/h3>\n\n\n\n<p id=\"block-e85b2846-f181-4911-af3f-0961c6b43ac4\"><strong><em>vendredi 6 octobre, soir :<\/em><\/strong> <br><strong>18h45<\/strong> : Min&rsquo;ha<br><strong>19h00<\/strong> : Kabalat Chabbat et Arvit. <br><strong>19h00<\/strong> : Allumage des bougies et entr\u00e9e de Chabbat (heure maximum pour l\u2019allumage : <strong><mark style=\"background-color:rgba(0, 0, 0, 0);color:#ff0000\" class=\"has-inline-color\">19h01<\/mark><\/strong>)<\/p>\n\n\n\n<p id=\"block-1ed17b97-554f-420b-a815-274c0d4878d4\"><strong><em>samedi 7 octobre, matin &#8211; Ch\u00e9mini Atseret &#8211; Chabbat :<\/em><\/strong><br><strong>09h00<\/strong> : Cha\u2019harit (avec Tikoun haGu\u00e9sh\u00e8m, la pri\u00e8re pour la pluie)<br>suivi d&rsquo;un kiddouch offert par <strong>Daniele et Marcel NANICHE<\/strong> l\u00e9ilouy nichmat <strong>D\u00e9borah Rivka Karen bat Rachela Daniele<\/strong> (\u05d6\u05f4\u05dc)<br>(<em><strong>Fin du Ch\u00e9ma : premi\u00e8re heure 10h01, deuxi\u00e8me heure 10h48<\/strong><\/em>)<br><strong>11h30<\/strong> : Yzkor<\/p>\n\n\n\n<p id=\"block-dc9d12fc-b3c5-4224-948d-d68592d107f9\"><em><strong>samedi 7 octobre, apr\u00e8s-midi :<\/strong><\/em><br><strong>18h15<\/strong> : Lecture des T\u00e9hilim \u2013 Alpha\/Beta<br><strong>18h30<\/strong> : Min\u2019ha, suivi d&rsquo;une l\u00e9g\u00e8re s\u00e9ouda ch\u00e9lichit<br><strong>19h17<\/strong> : Shquiya \/ \u05e9\u05e7\u05e2\u05ea \u05d4\u05d7\u05de\u05d4<\/p>\n\n\n\n<hr class=\"wp-block-separator has-css-opacity is-style-wide\"\/>\n\n\n\n<h3 class=\"wp-block-heading has-text-align-center\">Sim&rsquo;hat Torah<\/h3>\n\n\n\n<p><strong><em>samedi 7 octobre, soir :<\/em><\/strong><br><strong>19h45<\/strong> : Arvit, suivi des <strong>Hakafots de Sim&rsquo;hat Torah<\/strong><br><strong>20h05<\/strong> : Fin de Chabbat. Allumage des bougies du dernier jour de f\u00eate, <strong>\u00e0 partir d\u2019une flamme existante (ou allum\u00e9e la veille avant la f\u00eate).<\/strong><\/p>\n\n\n\n<p><strong><em>dimanche 8 octobre, matin :<\/em><\/strong><br><strong><strong><strong>09h00<\/strong><\/strong><\/strong> : Cha\u2019harit, suivi d&rsquo;un grand kiddouch offert par nos Hatanims !!<strong><br>(<em><strong>Fin du Ch\u00e9ma : premi\u00e8re heure 10h02, deuxi\u00e8me heure 10h48<\/strong><\/em>)<\/strong><\/p>\n\n\n\n<p><strong>Les &lsquo;Hatanims<\/strong> : Nous souhaitons un grand Mazal Tov \u00e0 nos &lsquo;Hatanims ainsi qu&rsquo;\u00e0 leurs familles :<\/p>\n\n\n\n<ul class=\"wp-block-list\">\n<li>&lsquo;Hatan M\u00e9ona : <strong>Henri Sebban<\/strong> <\/li>\n\n\n\n<li>&lsquo;Hatan Torah : <strong>Lucas Zerbib<\/strong> (mari de <strong>Samantha Benatar<\/strong>)<\/li>\n\n\n\n<li>&lsquo;Hatan B\u00e9r\u00e9chit : <strong>Eyal Trojman<\/strong> <\/li>\n\n\n\n<li>&lsquo;Hatan Haftara : <strong>Alexis Perez<\/strong> <\/li>\n<\/ul>\n\n\n\n<p><em><strong>dimanche 8 octobre, soir :<\/strong><\/em><br><strong>18h45<\/strong> : Min&rsquo;ha, suivi d&rsquo;un cours <br><strong>19h15<\/strong> : Shquiya \/ \u05e9\u05e7\u05e2\u05ea \u05d4\u05d7\u05de\u05d4<br><strong>20h03<\/strong> : Fin de Yom-Tov, Arvit et Havdala (sans feu ni aromates)<\/p>\n\n\n\n<p><strong>&lsquo;Hag Sam\u00e9a&rsquo;h !<\/strong><\/p>\n\n\n\n<hr class=\"wp-block-separator has-css-opacity is-style-wide\"\/>\n\n\n\n<h3 class=\"wp-block-heading\" id=\"beth-hamidrach\"><span style=\"text-decoration: underline;\"><span style=\"text-decoration: underline;\">Achetez votre set Loulav et Etrog pour Souccot <\/span>:<\/span><\/h3>\n\n\n<div class=\"wp-block-image\">\n<figure class=\"aligncenter size-full\"><img loading=\"lazy\" decoding=\"async\" width=\"1000\" height=\"666\" src=\"https:\/\/maguen-avraham.org\/wp-content\/uploads\/2023\/09\/ACJBB-CCJB-92-Centre-Culturel-Synagogue-Maguen-Avraham-achat-loulav-Etrog-Souccot-5784-v3-800.png\" alt=\"\" class=\"wp-image-309\" srcset=\"https:\/\/maguen-avraham.org\/wp-content\/uploads\/2023\/09\/ACJBB-CCJB-92-Centre-Culturel-Synagogue-Maguen-Avraham-achat-loulav-Etrog-Souccot-5784-v3-800.png 1000w, https:\/\/maguen-avraham.org\/wp-content\/uploads\/2023\/09\/ACJBB-CCJB-92-Centre-Culturel-Synagogue-Maguen-Avraham-achat-loulav-Etrog-Souccot-5784-v3-800-300x200.png 300w, https:\/\/maguen-avraham.org\/wp-content\/uploads\/2023\/09\/ACJBB-CCJB-92-Centre-Culturel-Synagogue-Maguen-Avraham-achat-loulav-Etrog-Souccot-5784-v3-800-768x511.png 768w, https:\/\/maguen-avraham.org\/wp-content\/uploads\/2023\/09\/ACJBB-CCJB-92-Centre-Culturel-Synagogue-Maguen-Avraham-achat-loulav-Etrog-Souccot-5784-v3-800-360x240.png 360w\" sizes=\"auto, (max-width: 1000px) 100vw, 1000px\" \/><\/figure>\n<\/div>\n\n\n<p>R\u00e9servez d\u00e8s maintenant votre set de Loulav et Etrog pour la f\u00eate de Souccot.<\/p>\n\n\n\n<p>Nous vous proposons 2 choix pour le kit complet : 30 \u20ac ou 40 \u20ac !<\/p>\n\n\n\n<p>Contacter d\u00e8s maintenant Patrick pour r\u00e9server votre set complet au 06.03.02.30.78 ou par mail \u00e0 <a href=\"mailto:patrick.sebban2@paris.fr\">patrick.sebban2@paris.fr<\/a>.<\/p>\n","protected":false},"excerpt":{"rendered":"<p>Souccot \/ \u05e1\u05d5\u05db\u05d5\u05ea29 septembre\/8 octobre 2023 \/ 15-23 Tichri 5784 \/ \u05d8&rsquo;\u05d5\/\u05db&rsquo;\u05d2 \u05ea\u05e9\u05e8\u05d9 \u05ea\u05e9\u05e4&rsquo;\u05d3Premiers jours : D\u00e9but vendredi soir \u00e0 19h16 &#8211; Fin dimanche soir \u00e0 20h17 Les horaires : Veille de Souccot &#8211; Chabbat vendredi 29 septembre, soir :19h00 : Min&rsquo;ha, suivi de Arvit19h15 : Allumage des bougies (heure [&hellip;]<\/p>\n","protected":false},"author":1,"featured_media":317,"comment_status":"open","ping_status":"open","sticky":false,"template":"","format":"standard","meta":{"om_disable_all_campaigns":false,"_monsterinsights_skip_tracking":false,"_monsterinsights_sitenote_active":false,"_monsterinsights_sitenote_note":"","_monsterinsights_sitenote_category":0,"_uf_show_specific_survey":0,"_uf_disable_surveys":false,"_jetpack_memberships_contains_paid_content":false,"footnotes":""},"categories":[11,10],"tags":[],"class_list":["post-316","post","type-post","status-publish","format-standard","has-post-thumbnail","hentry","category-les-3-fetes-chaloch-regalim","category-souccot"],"aioseo_notices":[],"yoast_head":"<!-- This site is optimized with the Yoast SEO plugin v27.5 - https:\/\/yoast.com\/product\/yoast-seo-wordpress\/ -->\n<title>Souccot 5784 - Synagogue Maguen Avraham<\/title>\n<meta name=\"robots\" content=\"index, follow, max-snippet:-1, max-image-preview:large, max-video-preview:-1\" \/>\n<link rel=\"canonical\" href=\"https:\/\/maguen-avraham.org\/index.php\/2023\/09\/27\/souccot-5784\/\" \/>\n<meta property=\"og:locale\" content=\"fr_FR\" \/>\n<meta property=\"og:type\" content=\"article\" \/>\n<meta property=\"og:title\" content=\"Souccot 5784 - Synagogue Maguen Avraham\" \/>\n<meta property=\"og:description\" content=\"Souccot \/ \u05e1\u05d5\u05db\u05d5\u05ea29 septembre\/8 octobre 2023 \/ 15-23 Tichri 5784 \/ \u05d8&rsquo;\u05d5\/\u05db&rsquo;\u05d2 \u05ea\u05e9\u05e8\u05d9 \u05ea\u05e9\u05e4&rsquo;\u05d3Premiers jours : D\u00e9but vendredi soir \u00e0 19h16 &#8211; Fin dimanche soir \u00e0 20h17 Les horaires : Veille de Souccot &#8211; Chabbat vendredi 29 septembre, soir :19h00 : Min&rsquo;ha, suivi de Arvit19h15 : Allumage des bougies (heure [&hellip;]\" \/>\n<meta property=\"og:url\" content=\"https:\/\/maguen-avraham.org\/index.php\/2023\/09\/27\/souccot-5784\/\" \/>\n<meta property=\"og:site_name\" content=\"Synagogue Maguen Avraham\" \/>\n<meta property=\"article:publisher\" content=\"https:\/\/www.facebook.com\/SynaMaguenAvaham\/\" \/>\n<meta property=\"article:author\" content=\"https:\/\/www.facebook.com\/SynaMaguenAvaham\" \/>\n<meta property=\"article:published_time\" content=\"2023-09-27T20:03:44+00:00\" \/>\n<meta property=\"article:modified_time\" content=\"2023-10-05T13:50:18+00:00\" \/>\n<meta property=\"og:image\" content=\"https:\/\/maguen-avraham.org\/wp-content\/uploads\/2023\/09\/ACJBB-CCJB-92-Centre-Culturel-Synagogue-Maguen-Avraham-Souccot-600.png\" \/>\n\t<meta property=\"og:image:width\" content=\"600\" \/>\n\t<meta property=\"og:image:height\" content=\"284\" \/>\n\t<meta property=\"og:image:type\" content=\"image\/png\" \/>\n<meta name=\"author\" content=\"Synagogue Maguen Avraham\" \/>\n<meta name=\"twitter:card\" content=\"summary_large_image\" \/>\n<meta name=\"twitter:creator\" content=\"@maguenavraham\" \/>\n<meta name=\"twitter:site\" content=\"@maguenavraham\" \/>\n<meta name=\"twitter:label1\" content=\"\u00c9crit par\" \/>\n\t<meta name=\"twitter:data1\" content=\"Synagogue Maguen Avraham\" \/>\n\t<meta name=\"twitter:label2\" content=\"Dur\u00e9e de lecture estim\u00e9e\" \/>\n\t<meta name=\"twitter:data2\" content=\"4 minutes\" \/>\n<script type=\"application\/ld+json\" class=\"yoast-schema-graph\">{\"@context\":\"https:\\\/\\\/schema.org\",\"@graph\":[{\"@type\":\"Article\",\"@id\":\"https:\\\/\\\/maguen-avraham.org\\\/index.php\\\/2023\\\/09\\\/27\\\/souccot-5784\\\/#article\",\"isPartOf\":{\"@id\":\"https:\\\/\\\/maguen-avraham.org\\\/index.php\\\/2023\\\/09\\\/27\\\/souccot-5784\\\/\"},\"author\":{\"name\":\"Synagogue Maguen Avraham\",\"@id\":\"https:\\\/\\\/maguen-avraham.org\\\/#\\\/schema\\\/person\\\/7838d4bb1890735e71cb0a17970b9f4a\"},\"headline\":\"Souccot 5784\",\"datePublished\":\"2023-09-27T20:03:44+00:00\",\"dateModified\":\"2023-10-05T13:50:18+00:00\",\"mainEntityOfPage\":{\"@id\":\"https:\\\/\\\/maguen-avraham.org\\\/index.php\\\/2023\\\/09\\\/27\\\/souccot-5784\\\/\"},\"wordCount\":616,\"commentCount\":0,\"publisher\":{\"@id\":\"https:\\\/\\\/maguen-avraham.org\\\/#organization\"},\"image\":{\"@id\":\"https:\\\/\\\/maguen-avraham.org\\\/index.php\\\/2023\\\/09\\\/27\\\/souccot-5784\\\/#primaryimage\"},\"thumbnailUrl\":\"https:\\\/\\\/maguen-avraham.org\\\/wp-content\\\/uploads\\\/2023\\\/09\\\/ACJBB-CCJB-92-Centre-Culturel-Synagogue-Maguen-Avraham-Souccot-600.png\",\"articleSection\":[\"Les 3 f\u00eates - Chaloch R\u00e9galim\",\"Souccot\"],\"inLanguage\":\"fr-FR\",\"potentialAction\":[{\"@type\":\"CommentAction\",\"name\":\"Comment\",\"target\":[\"https:\\\/\\\/maguen-avraham.org\\\/index.php\\\/2023\\\/09\\\/27\\\/souccot-5784\\\/#respond\"]}]},{\"@type\":\"WebPage\",\"@id\":\"https:\\\/\\\/maguen-avraham.org\\\/index.php\\\/2023\\\/09\\\/27\\\/souccot-5784\\\/\",\"url\":\"https:\\\/\\\/maguen-avraham.org\\\/index.php\\\/2023\\\/09\\\/27\\\/souccot-5784\\\/\",\"name\":\"Souccot 5784 - Synagogue Maguen Avraham\",\"isPartOf\":{\"@id\":\"https:\\\/\\\/maguen-avraham.org\\\/#website\"},\"primaryImageOfPage\":{\"@id\":\"https:\\\/\\\/maguen-avraham.org\\\/index.php\\\/2023\\\/09\\\/27\\\/souccot-5784\\\/#primaryimage\"},\"image\":{\"@id\":\"https:\\\/\\\/maguen-avraham.org\\\/index.php\\\/2023\\\/09\\\/27\\\/souccot-5784\\\/#primaryimage\"},\"thumbnailUrl\":\"https:\\\/\\\/maguen-avraham.org\\\/wp-content\\\/uploads\\\/2023\\\/09\\\/ACJBB-CCJB-92-Centre-Culturel-Synagogue-Maguen-Avraham-Souccot-600.png\",\"datePublished\":\"2023-09-27T20:03:44+00:00\",\"dateModified\":\"2023-10-05T13:50:18+00:00\",\"breadcrumb\":{\"@id\":\"https:\\\/\\\/maguen-avraham.org\\\/index.php\\\/2023\\\/09\\\/27\\\/souccot-5784\\\/#breadcrumb\"},\"inLanguage\":\"fr-FR\",\"potentialAction\":[{\"@type\":\"ReadAction\",\"target\":[\"https:\\\/\\\/maguen-avraham.org\\\/index.php\\\/2023\\\/09\\\/27\\\/souccot-5784\\\/\"]}]},{\"@type\":\"ImageObject\",\"inLanguage\":\"fr-FR\",\"@id\":\"https:\\\/\\\/maguen-avraham.org\\\/index.php\\\/2023\\\/09\\\/27\\\/souccot-5784\\\/#primaryimage\",\"url\":\"https:\\\/\\\/maguen-avraham.org\\\/wp-content\\\/uploads\\\/2023\\\/09\\\/ACJBB-CCJB-92-Centre-Culturel-Synagogue-Maguen-Avraham-Souccot-600.png\",\"contentUrl\":\"https:\\\/\\\/maguen-avraham.org\\\/wp-content\\\/uploads\\\/2023\\\/09\\\/ACJBB-CCJB-92-Centre-Culturel-Synagogue-Maguen-Avraham-Souccot-600.png\",\"width\":600,\"height\":284},{\"@type\":\"BreadcrumbList\",\"@id\":\"https:\\\/\\\/maguen-avraham.org\\\/index.php\\\/2023\\\/09\\\/27\\\/souccot-5784\\\/#breadcrumb\",\"itemListElement\":[{\"@type\":\"ListItem\",\"position\":1,\"name\":\"Accueil\",\"item\":\"https:\\\/\\\/maguen-avraham.org\\\/\"},{\"@type\":\"ListItem\",\"position\":2,\"name\":\"Souccot 5784\"}]},{\"@type\":\"WebSite\",\"@id\":\"https:\\\/\\\/maguen-avraham.org\\\/#website\",\"url\":\"https:\\\/\\\/maguen-avraham.org\\\/\",\"name\":\"Synagogue Maguen Avraham\",\"description\":\"La Synagogue Maguen Avraham du Centre Culturel juif de Boulogne\",\"publisher\":{\"@id\":\"https:\\\/\\\/maguen-avraham.org\\\/#organization\"},\"potentialAction\":[{\"@type\":\"SearchAction\",\"target\":{\"@type\":\"EntryPoint\",\"urlTemplate\":\"https:\\\/\\\/maguen-avraham.org\\\/?s={search_term_string}\"},\"query-input\":{\"@type\":\"PropertyValueSpecification\",\"valueRequired\":true,\"valueName\":\"search_term_string\"}}],\"inLanguage\":\"fr-FR\"},{\"@type\":\"Organization\",\"@id\":\"https:\\\/\\\/maguen-avraham.org\\\/#organization\",\"name\":\"Synagogue Maguen Avraham\",\"url\":\"https:\\\/\\\/maguen-avraham.org\\\/\",\"logo\":{\"@type\":\"ImageObject\",\"inLanguage\":\"fr-FR\",\"@id\":\"https:\\\/\\\/maguen-avraham.org\\\/#\\\/schema\\\/logo\\\/image\\\/\",\"url\":\"https:\\\/\\\/maguen-avraham.org\\\/wp-content\\\/uploads\\\/2023\\\/06\\\/logo-maguen-avraham.jpg\",\"contentUrl\":\"https:\\\/\\\/maguen-avraham.org\\\/wp-content\\\/uploads\\\/2023\\\/06\\\/logo-maguen-avraham.jpg\",\"width\":843,\"height\":843,\"caption\":\"Synagogue Maguen Avraham\"},\"image\":{\"@id\":\"https:\\\/\\\/maguen-avraham.org\\\/#\\\/schema\\\/logo\\\/image\\\/\"},\"sameAs\":[\"https:\\\/\\\/www.facebook.com\\\/SynaMaguenAvaham\\\/\",\"https:\\\/\\\/x.com\\\/maguenavraham\"]},{\"@type\":\"Person\",\"@id\":\"https:\\\/\\\/maguen-avraham.org\\\/#\\\/schema\\\/person\\\/7838d4bb1890735e71cb0a17970b9f4a\",\"name\":\"Synagogue Maguen Avraham\",\"image\":{\"@type\":\"ImageObject\",\"inLanguage\":\"fr-FR\",\"@id\":\"https:\\\/\\\/secure.gravatar.com\\\/avatar\\\/ea30fe7a8231c8c0bf30066f86006714af7be34ba414543eaab3e453b92901aa?s=96&d=mm&r=g\",\"url\":\"https:\\\/\\\/secure.gravatar.com\\\/avatar\\\/ea30fe7a8231c8c0bf30066f86006714af7be34ba414543eaab3e453b92901aa?s=96&d=mm&r=g\",\"contentUrl\":\"https:\\\/\\\/secure.gravatar.com\\\/avatar\\\/ea30fe7a8231c8c0bf30066f86006714af7be34ba414543eaab3e453b92901aa?s=96&d=mm&r=g\",\"caption\":\"Synagogue Maguen Avraham\"},\"sameAs\":[\"http:\\\/\\\/maguen-avraham.org\",\"https:\\\/\\\/www.facebook.com\\\/SynaMaguenAvaham\",\"https:\\\/\\\/www.instagram.com\\\/synagogue_maguen_avraham\\\/\",\"https:\\\/\\\/x.com\\\/maguenavraham\"],\"url\":\"https:\\\/\\\/maguen-avraham.org\\\/index.php\\\/author\\\/admin_ma\\\/\"}]}<\/script>\n<!-- \/ Yoast SEO plugin. -->","yoast_head_json":{"title":"Souccot 5784 - Synagogue Maguen Avraham","robots":{"index":"index","follow":"follow","max-snippet":"max-snippet:-1","max-image-preview":"max-image-preview:large","max-video-preview":"max-video-preview:-1"},"canonical":"https:\/\/maguen-avraham.org\/index.php\/2023\/09\/27\/souccot-5784\/","og_locale":"fr_FR","og_type":"article","og_title":"Souccot 5784 - Synagogue Maguen Avraham","og_description":"Souccot \/ \u05e1\u05d5\u05db\u05d5\u05ea29 septembre\/8 octobre 2023 \/ 15-23 Tichri 5784 \/ \u05d8&rsquo;\u05d5\/\u05db&rsquo;\u05d2 \u05ea\u05e9\u05e8\u05d9 \u05ea\u05e9\u05e4&rsquo;\u05d3Premiers jours : D\u00e9but vendredi soir \u00e0 19h16 &#8211; Fin dimanche soir \u00e0 20h17 Les horaires : Veille de Souccot &#8211; Chabbat vendredi 29 septembre, soir :19h00 : Min&rsquo;ha, suivi de Arvit19h15 : Allumage des bougies (heure [&hellip;]","og_url":"https:\/\/maguen-avraham.org\/index.php\/2023\/09\/27\/souccot-5784\/","og_site_name":"Synagogue Maguen Avraham","article_publisher":"https:\/\/www.facebook.com\/SynaMaguenAvaham\/","article_author":"https:\/\/www.facebook.com\/SynaMaguenAvaham","article_published_time":"2023-09-27T20:03:44+00:00","article_modified_time":"2023-10-05T13:50:18+00:00","og_image":[{"width":600,"height":284,"url":"https:\/\/maguen-avraham.org\/wp-content\/uploads\/2023\/09\/ACJBB-CCJB-92-Centre-Culturel-Synagogue-Maguen-Avraham-Souccot-600.png","type":"image\/png"}],"author":"Synagogue Maguen Avraham","twitter_card":"summary_large_image","twitter_creator":"@maguenavraham","twitter_site":"@maguenavraham","twitter_misc":{"\u00c9crit par":"Synagogue Maguen Avraham","Dur\u00e9e de lecture estim\u00e9e":"4 minutes"},"schema":{"@context":"https:\/\/schema.org","@graph":[{"@type":"Article","@id":"https:\/\/maguen-avraham.org\/index.php\/2023\/09\/27\/souccot-5784\/#article","isPartOf":{"@id":"https:\/\/maguen-avraham.org\/index.php\/2023\/09\/27\/souccot-5784\/"},"author":{"name":"Synagogue Maguen Avraham","@id":"https:\/\/maguen-avraham.org\/#\/schema\/person\/7838d4bb1890735e71cb0a17970b9f4a"},"headline":"Souccot 5784","datePublished":"2023-09-27T20:03:44+00:00","dateModified":"2023-10-05T13:50:18+00:00","mainEntityOfPage":{"@id":"https:\/\/maguen-avraham.org\/index.php\/2023\/09\/27\/souccot-5784\/"},"wordCount":616,"commentCount":0,"publisher":{"@id":"https:\/\/maguen-avraham.org\/#organization"},"image":{"@id":"https:\/\/maguen-avraham.org\/index.php\/2023\/09\/27\/souccot-5784\/#primaryimage"},"thumbnailUrl":"https:\/\/maguen-avraham.org\/wp-content\/uploads\/2023\/09\/ACJBB-CCJB-92-Centre-Culturel-Synagogue-Maguen-Avraham-Souccot-600.png","articleSection":["Les 3 f\u00eates - Chaloch R\u00e9galim","Souccot"],"inLanguage":"fr-FR","potentialAction":[{"@type":"CommentAction","name":"Comment","target":["https:\/\/maguen-avraham.org\/index.php\/2023\/09\/27\/souccot-5784\/#respond"]}]},{"@type":"WebPage","@id":"https:\/\/maguen-avraham.org\/index.php\/2023\/09\/27\/souccot-5784\/","url":"https:\/\/maguen-avraham.org\/index.php\/2023\/09\/27\/souccot-5784\/","name":"Souccot 5784 - Synagogue Maguen Avraham","isPartOf":{"@id":"https:\/\/maguen-avraham.org\/#website"},"primaryImageOfPage":{"@id":"https:\/\/maguen-avraham.org\/index.php\/2023\/09\/27\/souccot-5784\/#primaryimage"},"image":{"@id":"https:\/\/maguen-avraham.org\/index.php\/2023\/09\/27\/souccot-5784\/#primaryimage"},"thumbnailUrl":"https:\/\/maguen-avraham.org\/wp-content\/uploads\/2023\/09\/ACJBB-CCJB-92-Centre-Culturel-Synagogue-Maguen-Avraham-Souccot-600.png","datePublished":"2023-09-27T20:03:44+00:00","dateModified":"2023-10-05T13:50:18+00:00","breadcrumb":{"@id":"https:\/\/maguen-avraham.org\/index.php\/2023\/09\/27\/souccot-5784\/#breadcrumb"},"inLanguage":"fr-FR","potentialAction":[{"@type":"ReadAction","target":["https:\/\/maguen-avraham.org\/index.php\/2023\/09\/27\/souccot-5784\/"]}]},{"@type":"ImageObject","inLanguage":"fr-FR","@id":"https:\/\/maguen-avraham.org\/index.php\/2023\/09\/27\/souccot-5784\/#primaryimage","url":"https:\/\/maguen-avraham.org\/wp-content\/uploads\/2023\/09\/ACJBB-CCJB-92-Centre-Culturel-Synagogue-Maguen-Avraham-Souccot-600.png","contentUrl":"https:\/\/maguen-avraham.org\/wp-content\/uploads\/2023\/09\/ACJBB-CCJB-92-Centre-Culturel-Synagogue-Maguen-Avraham-Souccot-600.png","width":600,"height":284},{"@type":"BreadcrumbList","@id":"https:\/\/maguen-avraham.org\/index.php\/2023\/09\/27\/souccot-5784\/#breadcrumb","itemListElement":[{"@type":"ListItem","position":1,"name":"Accueil","item":"https:\/\/maguen-avraham.org\/"},{"@type":"ListItem","position":2,"name":"Souccot 5784"}]},{"@type":"WebSite","@id":"https:\/\/maguen-avraham.org\/#website","url":"https:\/\/maguen-avraham.org\/","name":"Synagogue Maguen Avraham","description":"La Synagogue Maguen Avraham du Centre Culturel juif de Boulogne","publisher":{"@id":"https:\/\/maguen-avraham.org\/#organization"},"potentialAction":[{"@type":"SearchAction","target":{"@type":"EntryPoint","urlTemplate":"https:\/\/maguen-avraham.org\/?s={search_term_string}"},"query-input":{"@type":"PropertyValueSpecification","valueRequired":true,"valueName":"search_term_string"}}],"inLanguage":"fr-FR"},{"@type":"Organization","@id":"https:\/\/maguen-avraham.org\/#organization","name":"Synagogue Maguen Avraham","url":"https:\/\/maguen-avraham.org\/","logo":{"@type":"ImageObject","inLanguage":"fr-FR","@id":"https:\/\/maguen-avraham.org\/#\/schema\/logo\/image\/","url":"https:\/\/maguen-avraham.org\/wp-content\/uploads\/2023\/06\/logo-maguen-avraham.jpg","contentUrl":"https:\/\/maguen-avraham.org\/wp-content\/uploads\/2023\/06\/logo-maguen-avraham.jpg","width":843,"height":843,"caption":"Synagogue Maguen Avraham"},"image":{"@id":"https:\/\/maguen-avraham.org\/#\/schema\/logo\/image\/"},"sameAs":["https:\/\/www.facebook.com\/SynaMaguenAvaham\/","https:\/\/x.com\/maguenavraham"]},{"@type":"Person","@id":"https:\/\/maguen-avraham.org\/#\/schema\/person\/7838d4bb1890735e71cb0a17970b9f4a","name":"Synagogue Maguen Avraham","image":{"@type":"ImageObject","inLanguage":"fr-FR","@id":"https:\/\/secure.gravatar.com\/avatar\/ea30fe7a8231c8c0bf30066f86006714af7be34ba414543eaab3e453b92901aa?s=96&d=mm&r=g","url":"https:\/\/secure.gravatar.com\/avatar\/ea30fe7a8231c8c0bf30066f86006714af7be34ba414543eaab3e453b92901aa?s=96&d=mm&r=g","contentUrl":"https:\/\/secure.gravatar.com\/avatar\/ea30fe7a8231c8c0bf30066f86006714af7be34ba414543eaab3e453b92901aa?s=96&d=mm&r=g","caption":"Synagogue Maguen Avraham"},"sameAs":["http:\/\/maguen-avraham.org","https:\/\/www.facebook.com\/SynaMaguenAvaham","https:\/\/www.instagram.com\/synagogue_maguen_avraham\/","https:\/\/x.com\/maguenavraham"],"url":"https:\/\/maguen-avraham.org\/index.php\/author\/admin_ma\/"}]}},"jetpack_featured_media_url":"https:\/\/maguen-avraham.org\/wp-content\/uploads\/2023\/09\/ACJBB-CCJB-92-Centre-Culturel-Synagogue-Maguen-Avraham-Souccot-600.png","jetpack_sharing_enabled":true,"_links":{"self":[{"href":"https:\/\/maguen-avraham.org\/index.php\/wp-json\/wp\/v2\/posts\/316","targetHints":{"allow":["GET"]}}],"collection":[{"href":"https:\/\/maguen-avraham.org\/index.php\/wp-json\/wp\/v2\/posts"}],"about":[{"href":"https:\/\/maguen-avraham.org\/index.php\/wp-json\/wp\/v2\/types\/post"}],"author":[{"embeddable":true,"href":"https:\/\/maguen-avraham.org\/index.php\/wp-json\/wp\/v2\/users\/1"}],"replies":[{"embeddable":true,"href":"https:\/\/maguen-avraham.org\/index.php\/wp-json\/wp\/v2\/comments?post=316"}],"version-history":[{"count":14,"href":"https:\/\/maguen-avraham.org\/index.php\/wp-json\/wp\/v2\/posts\/316\/revisions"}],"predecessor-version":[{"id":339,"href":"https:\/\/maguen-avraham.org\/index.php\/wp-json\/wp\/v2\/posts\/316\/revisions\/339"}],"wp:featuredmedia":[{"embeddable":true,"href":"https:\/\/maguen-avraham.org\/index.php\/wp-json\/wp\/v2\/media\/317"}],"wp:attachment":[{"href":"https:\/\/maguen-avraham.org\/index.php\/wp-json\/wp\/v2\/media?parent=316"}],"wp:term":[{"taxonomy":"category","embeddable":true,"href":"https:\/\/maguen-avraham.org\/index.php\/wp-json\/wp\/v2\/categories?post=316"},{"taxonomy":"post_tag","embeddable":true,"href":"https:\/\/maguen-avraham.org\/index.php\/wp-json\/wp\/v2\/tags?post=316"}],"curies":[{"name":"wp","href":"https:\/\/api.w.org\/{rel}","templated":true}]}}